{"id":931,"date":"2016-09-08T18:48:38","date_gmt":"2016-09-08T16:48:38","guid":{"rendered":"https:\/\/www.partitocomunista.ch\/?p=931"},"modified":"2016-09-08T18:48:38","modified_gmt":"2016-09-08T16:48:38","slug":"il-partito-comunista-in-viaggio-in-laos-corea-e-cina-consolida-la-cooperazione-coi-paesi-socialisti","status":"publish","type":"post","link":"https:\/\/www.partitocomunista.ch\/?p=931","title":{"rendered":"Il Partito Comunista in viaggio in Laos, Corea e Cina consolida la cooperazione coi paesi socialisti"},"content":{"rendered":"<p>Una delegazione del Partito Comunista composta dal segretario politico e deputato al Granconsiglio <strong>Massimiliano Ay<\/strong> e dal vicesegretario politico e consigliere comunale di Giubiasco <strong>Alessandro Lucchini<\/strong>, responsabile economia del PC, ha fatto ritorno dall&#8217;Asia, dove erano previsti incontri di vertice con i partiti comunisti al governo a Vientiane (Repubblica Popolare Democratica del Laos), Pyongyang (Repubblica Popolare Democratica di Corea) e Pechino (Repubblica Popolare Cinese). Nei prossimi mesi \u00e8 in programma inoltre una delegazione del PC pure nella Repubblica Socialista del Vietnam.<\/p>\n<p>In modo particolare, come gi\u00e0 informato in precedenti comunicati, si \u00e8 svolto un incontro privato sia con il vicepresidente del Laos che ha ribadito i danni causati al paese (e non solo al Vietnam) dalla guerra imperialista statunitense, sia con il ministro della pianificazione economica e dell\u2019investimento che ha invece chiesto al Partito Comunista di contribuire al rafforzamento delle relazioni con la Svizzera affinch\u00e9 gli investitori svizzeri nella regione del Mekong possano avvicinarsi anche al Laos.<\/p>\n<p>In precedenza la delegazione aveva fatto tappa in Corea, dove si \u00e8 svolta una riunione a Pyongyang con il vicepresidente del locale Partito del Lavoro nonch\u00e9 ex-ministro degli esteri coreano <strong>Ri Su Yong<\/strong>. Colloqui sono avvenuti anche sul fronte turistico e soprattutto agricolo: uno dei problemi che vive infatti la Repubblica Popolare Democratica di Corea, oltre all\u2019embargo commerciale, \u00e8 la poca superficie coltivabile del proprio territorio. Il nostro Partito sostiene la necessit\u00e0 che agronomi coreani e svizzeri &#8211; al di l\u00e0 delle idee politiche &#8211; possano incontrarsi per scambiarsi esperienze e know-how, cos\u00ec da garantire il diritto all\u2019alimentazione a tutti i popoli del mondo. La nostra delegazione ha fatto visita anche alle piantagioni di Ginseng nella citt\u00e0 di Kaesong e ha visitato il confine che divide la penisola coreana e dove prestano servizio anche ufficiali svizzeri.<\/p>\n<p>La discussione con le varie controparti asiatiche si \u00e8 concentrata soprattutto sulle relazioni politiche fra i partiti, sui progetti di cooperazione allo sviluppo e su ipotesi di nuovi scambi economici che potrebbero sussistere fra tali paesi e la Svizzera, coerentemente con l&#8217;impostazione strategica del nostro Partito di sostenere l&#8217;idea di un mondo multipolare in cui la Confederazione funga da ponte fra i paesi emergenti e il mondo occidentale. Progetti in ambito culturale sono stati anche presi in considerazione, soprattutto in ambito cinematografico e studentesco.<\/p>\n","protected":false},"excerpt":{"rendered":"<p>Una delegazione del Partito Comunista composta dal segretario politico e deputato al Granconsiglio Massimiliano Ay e dal vicesegretario politico e consigliere comunale di Giubiasco Alessandro Lucchini, responsabile economia del PC, ha fatto ritorno dall&#8217;Asia, dove erano previsti incontri di vertice con i partiti comunisti al governo a Vientiane (Repubblica Popolare Democratica del Laos), Pyongyang (Repubblica [&hellip;]<\/p>\n","protected":false},"author":2,"featured_media":8707,"comment_status":"open","ping_status":"open","sticky":false,"template":"","format":"standard","meta":{"footnotes":""},"categories":[42,45,17],"tags":[71,77,78],"class_list":{"0":"post-931","1":"post","2":"type-post","3":"status-publish","4":"format-standard","5":"has-post-thumbnail","7":"category-asia-e-oceania","8":"category-cooperazione","9":"category-internazionale","10":"tag-cina","11":"tag-laos","12":"tag-dprk"},"_links":{"self":[{"href":"https:\/\/www.partitocomunista.ch\/index.php?rest_route=\/wp\/v2\/posts\/931","targetHints":{"allow":["GET"]}}],"collection":[{"href":"https:\/\/www.partitocomunista.ch\/index.php?rest_route=\/wp\/v2\/posts"}],"about":[{"href":"https:\/\/www.partitocomunista.ch\/index.php?rest_route=\/wp\/v2\/types\/post"}],"author":[{"embeddable":true,"href":"https:\/\/www.partitocomunista.ch\/index.php?rest_route=\/wp\/v2\/users\/2"}],"replies":[{"embeddable":true,"href":"https:\/\/www.partitocomunista.ch\/index.php?rest_route=%2Fwp%2Fv2%2Fcomments&post=931"}],"version-history":[{"count":0,"href":"https:\/\/www.partitocomunista.ch\/index.php?rest_route=\/wp\/v2\/posts\/931\/revisions"}],"wp:featuredmedia":[{"embeddable":true,"href":"https:\/\/www.partitocomunista.ch\/index.php?rest_route=\/wp\/v2\/media\/8707"}],"wp:attachment":[{"href":"https:\/\/www.partitocomunista.ch\/index.php?rest_route=%2Fwp%2Fv2%2Fmedia&parent=931"}],"wp:term":[{"taxonomy":"category","embeddable":true,"href":"https:\/\/www.partitocomunista.ch\/index.php?rest_route=%2Fwp%2Fv2%2Fcategories&post=931"},{"taxonomy":"post_tag","embeddable":true,"href":"https:\/\/www.partitocomunista.ch\/index.php?rest_route=%2Fwp%2Fv2%2Ftags&post=931"}],"curies":[{"name":"wp","href":"https:\/\/api.w.org\/{rel}","templated":true}]}}