{"id":9209,"date":"2023-04-27T17:05:00","date_gmt":"2023-04-27T17:05:00","guid":{"rendered":"https:\/\/new.partitocomunista.ch\/?p=9209"},"modified":"2026-04-12T17:32:36","modified_gmt":"2026-04-12T17:32:36","slug":"il-partito-comunista-in-delegazione-a-pechino","status":"publish","type":"post","link":"https:\/\/www.partitocomunista.ch\/?p=9209","title":{"rendered":"Il Partito Comunista in delegazione a Pechino ospite del Comitato Centrale del PCC"},"content":{"rendered":"\n<p>Il focus del viaggio, oltre a meglio conoscere la realt\u00e0 di un importante paese emergente sul piano economico e sociale, \u00e8 prioritariamente la politica internazionale con particolare riferimento alla nuova fase storica del multipolarismo.<\/p>\n\n\n\n<p>La delegazione svizzera si \u00e8 confrontata con la controparte cinese sulla sciagurata volont\u00e0 del governo svizzero di abbandonare la neutralit\u00e0 e ha spiegato che, bench\u00e9 la credibilit\u00e0 della nostra diplomazia sia in crisi a causa delle sanzioni alla Russia e delle paventate sanzioni alla stessa Cina, questa non \u00e8 l\u2019opinione della maggioranza del popolo svizzero che resister\u00e0 alle pressioni di UE e NATO. La parte cinese ha ribadito l\u2019importanza di una deescalation del conflitto e una mediazione che tenga conto delle esigenze di sicurezza di tutte le nazioni.<\/p>\n\n\n\n<figure class=\"wp-block-image alignwide size-large\"><img loading=\"lazy\" decoding=\"async\" width=\"1024\" height=\"576\" src=\"https:\/\/new.partitocomunista.ch\/wp-content\/uploads\/2023\/04\/485195250_1161270199347329_2072632489628283887_n-1024x576.jpg\" alt=\"\" class=\"wp-image-9223\" srcset=\"https:\/\/www.partitocomunista.ch\/wp-content\/uploads\/2023\/04\/485195250_1161270199347329_2072632489628283887_n-1024x576.jpg 1024w, https:\/\/www.partitocomunista.ch\/wp-content\/uploads\/2023\/04\/485195250_1161270199347329_2072632489628283887_n-300x169.jpg 300w, https:\/\/www.partitocomunista.ch\/wp-content\/uploads\/2023\/04\/485195250_1161270199347329_2072632489628283887_n-768x432.jpg 768w, https:\/\/www.partitocomunista.ch\/wp-content\/uploads\/2023\/04\/485195250_1161270199347329_2072632489628283887_n-747x420.jpg 747w, https:\/\/www.partitocomunista.ch\/wp-content\/uploads\/2023\/04\/485195250_1161270199347329_2072632489628283887_n-150x84.jpg 150w, https:\/\/www.partitocomunista.ch\/wp-content\/uploads\/2023\/04\/485195250_1161270199347329_2072632489628283887_n-696x392.jpg 696w, https:\/\/www.partitocomunista.ch\/wp-content\/uploads\/2023\/04\/485195250_1161270199347329_2072632489628283887_n-1068x601.jpg 1068w, https:\/\/www.partitocomunista.ch\/wp-content\/uploads\/2023\/04\/485195250_1161270199347329_2072632489628283887_n.jpg 1280w\" sizes=\"auto, (max-width: 1024px) 100vw, 1024px\" \/><\/figure>\n\n\n\n<p>Sono state previste non solo riunioni di lavoro ai massimi livelli del Comitato Centrale del Partito Comunista Cinese e degli uffici preposti alle relazioni con l\u2019Europa occidentale per intensificare la cooperazione fra i nostri due partiti e le relazioni multilaterali fra Berna, Bellinzona e Pechino, ma anche colloqui con l\u2019Istituto del pensiero marxista dell\u2019Accademia cinese delle scienze sociali sia in merito all\u2019applicazione del marxismo nelle diverse realt\u00e0 nazionali sia per valutare forme di collaborazione in ambito culturale ed accademico con il nostro Partito.<\/p>\n\n\n\n<p>La delegazione continuer\u00e0 nei prossimi giorni a visitare province periferiche in cui sono state applicate le politiche di modernizzazione e di sradicamento della povert\u00e0.<\/p>\n\n\n\n<figure class=\"wp-block-image alignfull size-large\"><img loading=\"lazy\" decoding=\"async\" width=\"1024\" height=\"768\" src=\"https:\/\/new.partitocomunista.ch\/wp-content\/uploads\/2023\/04\/484813140_1161270239347325_3796332465458345526_n-1024x768.jpg\" alt=\"\" class=\"wp-image-9225\" srcset=\"https:\/\/www.partitocomunista.ch\/wp-content\/uploads\/2023\/04\/484813140_1161270239347325_3796332465458345526_n-1024x768.jpg 1024w, https:\/\/www.partitocomunista.ch\/wp-content\/uploads\/2023\/04\/484813140_1161270239347325_3796332465458345526_n-300x225.jpg 300w, https:\/\/www.partitocomunista.ch\/wp-content\/uploads\/2023\/04\/484813140_1161270239347325_3796332465458345526_n-768x576.jpg 768w, https:\/\/www.partitocomunista.ch\/wp-content\/uploads\/2023\/04\/484813140_1161270239347325_3796332465458345526_n-560x420.jpg 560w, https:\/\/www.partitocomunista.ch\/wp-content\/uploads\/2023\/04\/484813140_1161270239347325_3796332465458345526_n-80x60.jpg 80w, https:\/\/www.partitocomunista.ch\/wp-content\/uploads\/2023\/04\/484813140_1161270239347325_3796332465458345526_n-150x113.jpg 150w, https:\/\/www.partitocomunista.ch\/wp-content\/uploads\/2023\/04\/484813140_1161270239347325_3796332465458345526_n-696x522.jpg 696w, https:\/\/www.partitocomunista.ch\/wp-content\/uploads\/2023\/04\/484813140_1161270239347325_3796332465458345526_n-1068x801.jpg 1068w, https:\/\/www.partitocomunista.ch\/wp-content\/uploads\/2023\/04\/484813140_1161270239347325_3796332465458345526_n-265x198.jpg 265w, https:\/\/www.partitocomunista.ch\/wp-content\/uploads\/2023\/04\/484813140_1161270239347325_3796332465458345526_n.jpg 1280w\" sizes=\"auto, (max-width: 1024px) 100vw, 1024px\" \/><\/figure>\n\n\n\n<h2 class=\"wp-block-heading\">DELEGAZIONE DEL PC A PECHINO: APRIAMOCI ALLA CINA PER DIVERSIFICARE I MERCATI E DIFENDERE LA NEUTRALIT\u00c0!<\/h2>\n\n\n\n<p>Una delegazione del Partito Comunista composta da Massimiliano Ay; Edoardo Cappelletti; Samuel Iembo; Angelica Forni e Martino Marconi sta concludendo in questi giorni un viaggio in Cina su invito ufficiale del Partito Comunista Cinese (PCC). Dopo una prima tappa a Pechino, dove gli scambi si sono concentrati principalmente su tematiche internazionali e in cui la parte svizzera ha difeso la neutralit\u00e0 integrale della Confederazione nella transizione al mondo multipolare, il programma \u00e8 continuato con incontri ai massimi livelli in due altre province dove si sono approfondite le politiche di ridistribuzione della ricchezza con cui il governo intende affrontare gli squilibri sociali e regionali nell\u2019ambito della modernizzazione del Paese.<\/p>\n\n\n\n<figure class=\"wp-block-image alignfull size-large\"><img loading=\"lazy\" decoding=\"async\" width=\"1024\" height=\"577\" src=\"https:\/\/new.partitocomunista.ch\/wp-content\/uploads\/2026\/04\/476315434_1027088046130547_8246172702749787376_n-1024x577.jpg\" alt=\"\" class=\"wp-image-9210\" srcset=\"https:\/\/www.partitocomunista.ch\/wp-content\/uploads\/2026\/04\/476315434_1027088046130547_8246172702749787376_n-1024x577.jpg 1024w, https:\/\/www.partitocomunista.ch\/wp-content\/uploads\/2026\/04\/476315434_1027088046130547_8246172702749787376_n-300x169.jpg 300w, https:\/\/www.partitocomunista.ch\/wp-content\/uploads\/2026\/04\/476315434_1027088046130547_8246172702749787376_n-768x432.jpg 768w, https:\/\/www.partitocomunista.ch\/wp-content\/uploads\/2026\/04\/476315434_1027088046130547_8246172702749787376_n-1536x865.jpg 1536w, https:\/\/www.partitocomunista.ch\/wp-content\/uploads\/2026\/04\/476315434_1027088046130547_8246172702749787376_n-746x420.jpg 746w, https:\/\/www.partitocomunista.ch\/wp-content\/uploads\/2026\/04\/476315434_1027088046130547_8246172702749787376_n-150x84.jpg 150w, https:\/\/www.partitocomunista.ch\/wp-content\/uploads\/2026\/04\/476315434_1027088046130547_8246172702749787376_n-696x392.jpg 696w, https:\/\/www.partitocomunista.ch\/wp-content\/uploads\/2026\/04\/476315434_1027088046130547_8246172702749787376_n-1068x601.jpg 1068w, https:\/\/www.partitocomunista.ch\/wp-content\/uploads\/2026\/04\/476315434_1027088046130547_8246172702749787376_n-1920x1081.jpg 1920w, https:\/\/www.partitocomunista.ch\/wp-content\/uploads\/2026\/04\/476315434_1027088046130547_8246172702749787376_n.jpg 2048w\" sizes=\"auto, (max-width: 1024px) 100vw, 1024px\" \/><\/figure>\n\n\n\n<p>La priorit\u00e0 del PCC, oltre allo sviluppo delle forze produttive nel quadro di una pianificazione economica sempre molto visibile nel paese reale, \u00e8 oggi quella di sradicare la povert\u00e0. In tal senso ci siamo confrontati con il prof. Luo Lin della Scuola quadri del Comitato Centrale del PCC, il quale ha approfondito la strategia di modernizzazione soprattutto delle aree meno sviluppate. Toccando in modo particolare il tema dell\u2019agricoltura si \u00e8 discusso di sostenibilit\u00e0 ambientale e della sovranit\u00e0 alimentare, un principio ormai realt\u00e0 nella Costituzione del Canton Ticino e che ha subito riscontrato molto interesse da parte cinese.<\/p>\n\n\n\n<p>La delegazione comunista svizzera ha avuto in seguito l\u2019opportunit\u00e0 di discutere, prima nell\u2019ambito di una cena di lavoro con la vice-governatrice della provincia dello Guizhou e poi con una riunione con il Direttore dell\u2019Ufficio degli affari esteri della Provincia di Jiangsu, dello sviluppo dell\u2019industria del turismo, visitando poi anche alcune delle attrazioni e delle nuove infrastrutture realizzate nelle periferie del Paese. L\u2019auspicio \u00e8 che, grazie a forme di gemellaggi e partenariato, la cooperazione con la Svizzera possa ancora aumentare.<\/p>\n\n\n\n<p>A Nanchino la delegazione \u00e8 stata accolta anche dagli studenti di lingua e letteratura italiana, i quali hanno presentato il livello raggiunto dalla formazione accademica pubblica cinese. \u00c8 seguito un incontro col direttore dell\u2019Universit\u00e0 Normale di Nanchino (vedi foto), con cui si \u00e8 concretamente affrontata la necessit\u00e0 di intensificare gli scambi studenteschi e di ricerca con la Confederazione anche nell\u2019ottica di migliorare il dialogo tra i due Paesi e di svincolarci dalla sola rete Erasmus con l\u2019Unione Europea.<\/p>\n\n\n\n<p>Una tappa importante \u00e8 stata la visita del Parco Industriale di Suzhou vicino a Shanghai, dove si \u00e8 potuto discutere ampiamente di cooperazione economica e constatare l\u2019efficacia della volont\u00e0 cinese di sviluppare in questo distretto dei \u2018\u2018cluster\u2019\u2019 per l\u2019innovazione sotto l\u2019egida dello Stato. Oggetto dei colloqui, inoltre, \u00e8 stata l\u2019estensione dell\u2019accordo di libero scambio fra Svizzera e Cina e la particolare importanza di promuovere delle collaborazioni con le PMI ticinesi e svizzere e non soprattutto con i grandi marchi.<\/p>\n\n\n\n<p>Gli scambi sono continuati a livello di relazioni fra partiti politici, a partire da un contatto ravvicinato con le organizzazioni locali del PCC: da citare le visite alla sede del PCC del quartiere di Cibeishe a Nanchino e del villaggio di Donglian, che hanno permesso di confrontare l\u2019attivit\u00e0 di base con cui favorire il coinvolgimento della popolazione fra i due paesi nonch\u00e9 l\u2019operato dei nostri consiglieri comunali e l\u2019attivit\u00e0 promossa dal PCC per garantire una capillarit\u00e0 dei servizi pubblici fondamentali nei diversi ambiti della vita sociale.<\/p>\n\n\n\n<figure class=\"wp-block-image alignfull size-large\"><img loading=\"lazy\" decoding=\"async\" width=\"1024\" height=\"577\" src=\"https:\/\/new.partitocomunista.ch\/wp-content\/uploads\/2026\/04\/476399281_1027101976129154_5837830914527821805_n-1024x577.jpg\" alt=\"\" class=\"wp-image-9211\" srcset=\"https:\/\/www.partitocomunista.ch\/wp-content\/uploads\/2026\/04\/476399281_1027101976129154_5837830914527821805_n-1024x577.jpg 1024w, https:\/\/www.partitocomunista.ch\/wp-content\/uploads\/2026\/04\/476399281_1027101976129154_5837830914527821805_n-300x169.jpg 300w, https:\/\/www.partitocomunista.ch\/wp-content\/uploads\/2026\/04\/476399281_1027101976129154_5837830914527821805_n-768x432.jpg 768w, https:\/\/www.partitocomunista.ch\/wp-content\/uploads\/2026\/04\/476399281_1027101976129154_5837830914527821805_n-1536x865.jpg 1536w, https:\/\/www.partitocomunista.ch\/wp-content\/uploads\/2026\/04\/476399281_1027101976129154_5837830914527821805_n-746x420.jpg 746w, https:\/\/www.partitocomunista.ch\/wp-content\/uploads\/2026\/04\/476399281_1027101976129154_5837830914527821805_n-150x84.jpg 150w, https:\/\/www.partitocomunista.ch\/wp-content\/uploads\/2026\/04\/476399281_1027101976129154_5837830914527821805_n-696x392.jpg 696w, https:\/\/www.partitocomunista.ch\/wp-content\/uploads\/2026\/04\/476399281_1027101976129154_5837830914527821805_n-1068x601.jpg 1068w, https:\/\/www.partitocomunista.ch\/wp-content\/uploads\/2026\/04\/476399281_1027101976129154_5837830914527821805_n-1920x1081.jpg 1920w, https:\/\/www.partitocomunista.ch\/wp-content\/uploads\/2026\/04\/476399281_1027101976129154_5837830914527821805_n.jpg 2048w\" sizes=\"auto, (max-width: 1024px) 100vw, 1024px\" \/><\/figure>\n\n\n\n<p><\/p>\n","protected":false},"excerpt":{"rendered":"<p>Il focus del viaggio, oltre a meglio conoscere la realt\u00e0 di un importante paese emergente sul piano economico e sociale, \u00e8 prioritariamente la politica internazionale con particolare riferimento alla nuova fase storica del multipolarismo. La delegazione svizzera si \u00e8 confrontata con la controparte cinese sulla sciagurata volont\u00e0 del governo svizzero di abbandonare la neutralit\u00e0 e [&hellip;]<\/p>\n","protected":false},"author":1,"featured_media":9212,"comment_status":"open","ping_status":"open","sticky":false,"template":"","format":"standard","meta":{"footnotes":""},"categories":[42,45,17],"tags":[71],"class_list":{"0":"post-9209","1":"post","2":"type-post","3":"status-publish","4":"format-standard","5":"has-post-thumbnail","7":"category-asia-e-oceania","8":"category-cooperazione","9":"category-internazionale","10":"tag-cina"},"_links":{"self":[{"href":"https:\/\/www.partitocomunista.ch\/index.php?rest_route=\/wp\/v2\/posts\/9209","targetHints":{"allow":["GET"]}}],"collection":[{"href":"https:\/\/www.partitocomunista.ch\/index.php?rest_route=\/wp\/v2\/posts"}],"about":[{"href":"https:\/\/www.partitocomunista.ch\/index.php?rest_route=\/wp\/v2\/types\/post"}],"author":[{"embeddable":true,"href":"https:\/\/www.partitocomunista.ch\/index.php?rest_route=\/wp\/v2\/users\/1"}],"replies":[{"embeddable":true,"href":"https:\/\/www.partitocomunista.ch\/index.php?rest_route=%2Fwp%2Fv2%2Fcomments&post=9209"}],"version-history":[{"count":3,"href":"https:\/\/www.partitocomunista.ch\/index.php?rest_route=\/wp\/v2\/posts\/9209\/revisions"}],"predecessor-version":[{"id":9226,"href":"https:\/\/www.partitocomunista.ch\/index.php?rest_route=\/wp\/v2\/posts\/9209\/revisions\/9226"}],"wp:featuredmedia":[{"embeddable":true,"href":"https:\/\/www.partitocomunista.ch\/index.php?rest_route=\/wp\/v2\/media\/9212"}],"wp:attachment":[{"href":"https:\/\/www.partitocomunista.ch\/index.php?rest_route=%2Fwp%2Fv2%2Fmedia&parent=9209"}],"wp:term":[{"taxonomy":"category","embeddable":true,"href":"https:\/\/www.partitocomunista.ch\/index.php?rest_route=%2Fwp%2Fv2%2Fcategories&post=9209"},{"taxonomy":"post_tag","embeddable":true,"href":"https:\/\/www.partitocomunista.ch\/index.php?rest_route=%2Fwp%2Fv2%2Ftags&post=9209"}],"curies":[{"name":"wp","href":"https:\/\/api.w.org\/{rel}","templated":true}]}}