{"id":8169,"date":"2025-12-02T00:23:32","date_gmt":"2025-12-01T23:23:32","guid":{"rendered":"https:\/\/www.partitocomunista.ch\/?p=8169"},"modified":"2026-04-01T21:24:20","modified_gmt":"2026-04-01T21:24:20","slug":"servizi-pubblici-e-parapubblici-siamo-al-punto-di-rottura","status":"publish","type":"post","link":"https:\/\/www.partitocomunista.ch\/?p=8169","title":{"rendered":"Servizi pubblici e parapubblici: siamo al punto di rottura!"},"content":{"rendered":"<p>Sabato 29 novembre abbiamo partecipato alla manifestazione popolare contro i tagli ai servizi pubblici e allo stato sociale convocata a Bellinzona dai sindacati VPOD, OCST e SIT con il sostegno del comitato &#8220;Stop ai tagli&#8221; di cui \u00e8 parte anche il Partito Comunista.<\/p>\n<p>1&#8217;500 lavoratori si sono mobilitati contro le misure di austerit\u00e0 adottate in nome di un cosiddetto &#8220;risanamento finanziario&#8221; privo di visione che, anno dopo anno, sta erodendo le fondamenta della coesione sociale del Canton Ticino aumentando le disuguaglianze e compromettendo sia l\u2019accesso della popolazione ai servizi essenziali sia le condizioni di lavoro, minando cos\u00ec la qualit\u00e0 della presa a carico.<\/p>\n<p>In piazza hanno preso la parola, fra gli altri, anche i nostri compagni Adam Barbato Shoufani in rappresentanza del Sindacato Indipendente degli Studenti e Apprendisti (SISA) ed Edoardo Cappelletti, co-segretario del Sindacato dei Servizi Pubblici e Sociosanitari (VPOD). Invitiamo infine tutti a firmare la seguente petizioni: <a href=\"https:\/\/act.campax.org\/petitions\/misure-di-risparmio-e-ora-di-cambiare-rotta\">https:\/\/act.campax.org\/petitions\/misure-di-risparmio-e-ora-di-cambiare-rotta<\/a><\/p>\n<p>&nbsp;<\/p>\n<p><span style=\"text-decoration: underline;\"><strong>Di seguito l&#8217;intervento del compagno Adam Barbato-Shoufani per il SISA:<\/strong><\/span><\/p>\n<p style=\"padding-left: 80px;\"><em>Care studentesse, cari studenti, care compagne e cari compagni, care lavoratrici e cari lavoratori, siamo qui oggi, uniti, per esprimere una ferma opposizione ai tagli alla spesa pubblica e per lanciare un appello chiaro alle istituzioni del Canton Ticino. Il Preventivo 2026, con la sua enfasi sul contenimento della spesa, comprometter\u00e0 seriamente la qualit\u00e0 dei servizi pubblici essenziali e, di conseguenza, il futuro di tutti noi, in particolare delle nuove generazioni. Non possiamo accettare che la politica finanziaria del Cantone si basi costantemente su tagli che colpiscono i settori fondamentali. Questa visione, che potremmo definire \u201cmeno Stato e pi\u00f9 mercato\u201d, non fa altro che acuire le disuguaglianze. E diciamolo chiaramente: queste politiche non sono mai state efficaci, anzi, sono sempre risultate controproducenti. Ogni volta che si \u00e8 scelto di tagliare invece di investire, i problemi si sono aggravati, non risolti. \u00c8 ora di cambiare rotta!<\/em><\/p>\n<p style=\"padding-left: 80px;\"><em>Il futuro della scuola pubblica \u00e8 il nostro futuro. Come Sindacato Indipendente degli Studenti e Apprendisti, guardiamo con grande attenzione alla scuola pubblica. Essa \u00e8 il luogo dove si formano i cittadini di domani, ma \u00e8 anche un settore che necessita di risorse adeguate per rispondere alle crescenti sfide educative. Chiediamo con forza che il Cantone dimostri coraggio e lungimiranza attraverso investimenti significativi nella scuola pubblica. Non possiamo permettere che i nostri docenti lavorino in condizioni di stress insostenibile e che le nostre aule siano sovraffollate. Investire nella scuola non \u00e8 una spesa, ma la migliore assicurazione per il futuro del nostro Cantone.<\/em><\/p>\n<p style=\"padding-left: 80px;\"><em>Ci vuole dignit\u00e0 anche per il personale sociosanitario: un settore vitale, dove molti giovani e apprendisti iniziano la loro carriera. Tuttavia, i continui tagli e la politica di risparmio minacciano le loro condizioni di lavoro e la qualit\u00e0 dei servizi offerti alla popolazione. Difendere il sociosanitario significa difendere la dignit\u00e0 dei giovani lavoratori e apprendisti che operano in questo settore e non solo. Rivendichiamo finanziamenti adeguati che garantiscano salari equi, che recuperino il carovita perso e condizioni di lavoro stabili. Dobbiamo tornare a prenderci cura di chi ci cura!<\/em><\/p>\n<p style=\"padding-left: 80px;\"><em>L\u2019attuale politica finanziaria, basata su una logica neoliberista di tagli continui, ha conseguenze gravi e immediate per noi giovani. Ci spinge a guardare oltre i confini del nostro Cantone, perch\u00e9 qui le opportunit\u00e0 si riducono ogni giorno. Siamo costretti a partire per studiare altrove e, troppo spesso, a rimanerci: l\u00e0 i salari sono pi\u00f9 alti, le condizioni di vita migliori, e le politiche sociali e familiari pi\u00f9 giuste. Noi non vogliamo essere costretti a emigrare per trovare dignit\u00e0 e stabilit\u00e0. Vogliamo un Ticino che investa nel suo capitale umano, che creda nei suoi giovani e che costruisca qui, a casa nostra, un futuro solido e giusto! Noi non vogliamo essere costretti a emigrare per trovare dignit\u00e0 e stabilit\u00e0. Vogliamo un Cantone che investa nel suo capitale umano, che valorizzi i suoi servizi pubblici e che offra un futuro solido qui, a casa nostra.<\/em><\/p>\n<p style=\"padding-left: 80px;\"><em>Per questi motivi, ci uniamo alle rivendicazioni degli altri sindacati:<\/em><\/p>\n<ul>\n<li style=\"list-style-type: none;\">\n<ul>\n<li style=\"list-style-type: none;\">\n<ul>\n<li style=\"list-style-type: none;\">\n<ul>\n<li style=\"list-style-type: none;\">\n<ul>\n<li><em>Aumento dei finanziamenti ai settori sociosanitario e socioeducativo.<\/em><\/li>\n<li><em>Aumenti salariali che compensino il carovita.<\/em><\/li>\n<li><em>Revoca dei tagli ai sussidi di cassa malati e nel settore della migrazione.<\/em><\/li>\n<li><em>Rinuncia alla non sostituzione del personale partente.<\/em><\/li>\n<li><em>La nostra mobilitazione di oggi \u00e8 un segnale forte: siamo qui per costruire un Ticino pi\u00f9 giusto e solidale.<\/em><\/li>\n<\/ul>\n<\/li>\n<\/ul>\n<\/li>\n<\/ul>\n<\/li>\n<\/ul>\n<\/li>\n<\/ul>\n<p style=\"padding-left: 80px;\"><em>Grazie a tutte e tutti per essere qui. <strong>Contro i tagli dello Stato rafforziamo il Sindacato!<\/strong><\/em><\/p>\n<p>&nbsp;<\/p>\n","protected":false},"excerpt":{"rendered":"<p>Sabato 29 novembre abbiamo partecipato alla manifestazione popolare contro i tagli ai servizi pubblici e allo stato sociale convocata a Bellinzona dai sindacati VPOD, OCST e SIT con il sostegno del comitato &#8220;Stop ai tagli&#8221; di cui \u00e8 parte anche il Partito Comunista. 1&#8217;500 lavoratori si sono mobilitati contro le misure di austerit\u00e0 adottate in [&hellip;]<\/p>\n","protected":false},"author":2,"featured_media":8297,"comment_status":"open","ping_status":"open","sticky":false,"template":"","format":"video","meta":{"footnotes":""},"categories":[4,10,15,19],"tags":[],"class_list":{"0":"post-8169","1":"post","2":"type-post","3":"status-publish","4":"format-video","5":"has-post-thumbnail","7":"category-attualita","8":"category-educazione-e-cultura","9":"category-giovani","10":"category-lavoro","11":"post_format-post-format-video"},"_links":{"self":[{"href":"https:\/\/www.partitocomunista.ch\/index.php?rest_route=\/wp\/v2\/posts\/8169","targetHints":{"allow":["GET"]}}],"collection":[{"href":"https:\/\/www.partitocomunista.ch\/index.php?rest_route=\/wp\/v2\/posts"}],"about":[{"href":"https:\/\/www.partitocomunista.ch\/index.php?rest_route=\/wp\/v2\/types\/post"}],"author":[{"embeddable":true,"href":"https:\/\/www.partitocomunista.ch\/index.php?rest_route=\/wp\/v2\/users\/2"}],"replies":[{"embeddable":true,"href":"https:\/\/www.partitocomunista.ch\/index.php?rest_route=%2Fwp%2Fv2%2Fcomments&post=8169"}],"version-history":[{"count":1,"href":"https:\/\/www.partitocomunista.ch\/index.php?rest_route=\/wp\/v2\/posts\/8169\/revisions"}],"predecessor-version":[{"id":8298,"href":"https:\/\/www.partitocomunista.ch\/index.php?rest_route=\/wp\/v2\/posts\/8169\/revisions\/8298"}],"wp:featuredmedia":[{"embeddable":true,"href":"https:\/\/www.partitocomunista.ch\/index.php?rest_route=\/wp\/v2\/media\/8297"}],"wp:attachment":[{"href":"https:\/\/www.partitocomunista.ch\/index.php?rest_route=%2Fwp%2Fv2%2Fmedia&parent=8169"}],"wp:term":[{"taxonomy":"category","embeddable":true,"href":"https:\/\/www.partitocomunista.ch\/index.php?rest_route=%2Fwp%2Fv2%2Fcategories&post=8169"},{"taxonomy":"post_tag","embeddable":true,"href":"https:\/\/www.partitocomunista.ch\/index.php?rest_route=%2Fwp%2Fv2%2Ftags&post=8169"}],"curies":[{"name":"wp","href":"https:\/\/api.w.org\/{rel}","templated":true}]}}