{"id":8064,"date":"2025-08-29T20:44:12","date_gmt":"2025-08-29T18:44:12","guid":{"rendered":"https:\/\/www.partitocomunista.ch\/?p=8064"},"modified":"2026-04-09T03:16:22","modified_gmt":"2026-04-09T03:16:22","slug":"nuova-legge-sulle-id-garanzie-ancora-insufficienti-no-al-rischio-di-schedatura","status":"publish","type":"post","link":"https:\/\/www.partitocomunista.ch\/?p=8064","title":{"rendered":"Nuova legge sull&#8217;e-ID: garanzie ancora insufficienti. No al rischio di schedatura!"},"content":{"rendered":"<p>Il prossimo 28 settembre si voter\u00e0 sulla legge sull\u2019e-ID con la quale si prevede l\u2019introduzione di una carta d\u2019identit\u00e0 elettronica. Si tratta di una nuova versione di una legge gi\u00e0 respinta dal popolo nel 2021 (come peraltro suggerito allora anche dal nostro Partito). <\/p>\n<p>Bench\u00e9 il testo sottoposto al voto mantenga una formulazione ancora piuttosto ambigua al suo art. 1 cpv. 2 lit. b circa il ruolo delle aziende private, il fatto che l\u2019e-ID potr\u00e0 essere rilasciata esclusivamente dalla Confederazione \u00e8 un miglioramento rilevante che garantisce un essenziale primato dell&#8217;ente pubblico sui privati. Come Partito Comunista apprezziamo questo aspetto in quanto potenzialmente capace di conferire maggiore trasparenza, stabilit\u00e0 e riservatezza alle soluzioni informatiche. <\/p>\n<p>E tuttavia i problemi continuano ad essere notevoli:<\/p>\n<p>1) Non \u00e8 garantito che l\u2019e-ID resti facoltativa: oltre a non essere menzionato esplicitamente nel testo di legge, sono previsti dei costi per coloro che si ostineranno a non usare l\u2019e-ID.<\/p>\n<p>2) Le aziende private, e fra loro le grandi multinazionali, potranno utilizzare l\u2019e-ID durante le transazioni o nell\u2019uso delle loro piattaforme informatiche: la raccolta a fini commerciali di dati personali, incluse immagini facciali non sar\u00e0 insomma limitata.<\/p>\n<p>3) Non si pu\u00f2 escludere a priori che i dati biometrici 3D possano essere utilizzati a fini di sorveglianza nello spazio pubblico o, peggio ancora, di controllo sociale. Il fatto che la gestione dell&#8217;e-ID sar\u00e0 affidata alla Polizia federale, che nel nostro Paese si occupa anche del controllo politico, \u00e8 preoccupante: dopo lo scandalo delle schedature delegare a un corpo di polizia giudiziaria un incarico cos\u00ec delicato per la sfera personale dei cittadini \u00e8 al limite del provocatorio. Non abbiamo garanzie che in futuro, visto gli irrigidimenti securitari che vediamo nell&#8217;UE, per isolare soggetti politicamente scomodi non si disattivi la loro identit\u00e0 elettronica limitandone gli spostamenti o l&#8217;accesso a determinati servizi.<\/p>\n<p>Bench\u00e9 non contrario di principio alla digitalizzazione e ben comprendendo la comodit\u00e0 per i cittadini nel disporre di un identificativo elettronico unico per accedere ai dati personali (conti correnti, assicurazione malattia, ecc.), il Partito Comunista, a maggioranza, non ritiene sufficiente le garanzie democratiche di questa legge e invita quindi a votare NO.<\/p>\n","protected":false},"excerpt":{"rendered":"<p>Il prossimo 28 settembre si voter\u00e0 sulla legge sull\u2019e-ID con la quale si prevede l\u2019introduzione di una carta d\u2019identit\u00e0 elettronica. Si tratta di una nuova versione di una legge gi\u00e0 respinta dal popolo nel 2021 (come peraltro suggerito allora anche dal nostro Partito). Bench\u00e9 il testo sottoposto al voto mantenga una formulazione ancora piuttosto ambigua [&hellip;]<\/p>\n","protected":false},"author":2,"featured_media":8521,"comment_status":"open","ping_status":"open","sticky":false,"template":"","format":"standard","meta":{"footnotes":""},"categories":[29],"tags":[],"class_list":{"0":"post-8064","1":"post","2":"type-post","3":"status-publish","4":"format-standard","5":"has-post-thumbnail","7":"category-votazioni-popolari"},"_links":{"self":[{"href":"https:\/\/www.partitocomunista.ch\/index.php?rest_route=\/wp\/v2\/posts\/8064","targetHints":{"allow":["GET"]}}],"collection":[{"href":"https:\/\/www.partitocomunista.ch\/index.php?rest_route=\/wp\/v2\/posts"}],"about":[{"href":"https:\/\/www.partitocomunista.ch\/index.php?rest_route=\/wp\/v2\/types\/post"}],"author":[{"embeddable":true,"href":"https:\/\/www.partitocomunista.ch\/index.php?rest_route=\/wp\/v2\/users\/2"}],"replies":[{"embeddable":true,"href":"https:\/\/www.partitocomunista.ch\/index.php?rest_route=%2Fwp%2Fv2%2Fcomments&post=8064"}],"version-history":[{"count":1,"href":"https:\/\/www.partitocomunista.ch\/index.php?rest_route=\/wp\/v2\/posts\/8064\/revisions"}],"predecessor-version":[{"id":8522,"href":"https:\/\/www.partitocomunista.ch\/index.php?rest_route=\/wp\/v2\/posts\/8064\/revisions\/8522"}],"wp:featuredmedia":[{"embeddable":true,"href":"https:\/\/www.partitocomunista.ch\/index.php?rest_route=\/wp\/v2\/media\/8521"}],"wp:attachment":[{"href":"https:\/\/www.partitocomunista.ch\/index.php?rest_route=%2Fwp%2Fv2%2Fmedia&parent=8064"}],"wp:term":[{"taxonomy":"category","embeddable":true,"href":"https:\/\/www.partitocomunista.ch\/index.php?rest_route=%2Fwp%2Fv2%2Fcategories&post=8064"},{"taxonomy":"post_tag","embeddable":true,"href":"https:\/\/www.partitocomunista.ch\/index.php?rest_route=%2Fwp%2Fv2%2Ftags&post=8064"}],"curies":[{"name":"wp","href":"https:\/\/api.w.org\/{rel}","templated":true}]}}