{"id":7231,"date":"2023-08-03T01:00:47","date_gmt":"2023-08-02T23:00:47","guid":{"rendered":"https:\/\/www.partitocomunista.ch\/?p=7231"},"modified":"2023-08-03T01:00:47","modified_gmt":"2023-08-02T23:00:47","slug":"lunica-lista-di-sinistra-che-difende-la-neutralita-e-si-pone-apertamente-contro-lue-e-la-nato","status":"publish","type":"post","link":"https:\/\/www.partitocomunista.ch\/?p=7231","title":{"rendered":"L\u2019unica lista di sinistra che difende la neutralit\u00e0 e si pone apertamente contro l\u2019UE e la NATO!"},"content":{"rendered":"<p>Nei prossimi giorni il Partito Comunista depositer\u00e0 presso la Cancelleria dello Stato la lista intitolata &#8220;No UE &#8211; No NATO&#8221; per il rinnovo del Consiglio Nazionale. Si tratta dell&#8217;unica lista di sinistra che difende senza se e senza ma la neutralit\u00e0 svizzera e che rifiuta categoricamente l&#8217;invio di armi all&#8217;Ucraina e a qualsiasi altro paese in guerra. Per questi motivi \u00e8 stato impossibile, per noi comunisti, congiungere la lista del PC con quella di Verdi e PS: quest&#8217;ultimo presenta addirittura un programma elettorale che auspica nientemeno che l&#8217;adesione della Svizzera all&#8217;UE.<\/p>\n<p>Il Partito Comunista, che sta ultimando in queste settimane il proprio programma elettorale, ha deciso di candidarsi sotto il nome &#8220;No UE &#8211; No NATO&#8221; perch\u00e9 intende chiarire senza ambiguit\u00e0 il proprio collocamento politico: quello di una sinistra diversa, coerente e non spocchiosa, che non si piega alle mode e che anzi \u00e8 consapevole che senza la difesa della sovranit\u00e0 nazionale e della neutralit\u00e0 \u00e8 impossibile tutelare i diritti dei lavoratori, salvaguardare il servizio pubblico ed evitare l&#8217;escalation della guerra nel pieno dell&#8217;Europa.<\/p>\n<p>La lista &#8220;No UE &#8211; No NATO&#8221; \u00e8 una lista che non nasconde di essere comunista, poich\u00e9 ha l\u2019ambizione di indicare quale strada debba imboccare la sinistra per tornare in sintonia con le priorit\u00e0 popolari. Accanto ai deputati in Gran Consiglio <strong>Massimiliano Ay<\/strong> (Bellinzona) e <strong>Lea Ferrari<\/strong> (Serravalle), troviamo i consiglieri comunali <strong>Edoardo Cappelletti<\/strong> (Lugano), <strong>Zeno Casella<\/strong> (Capriasca), <strong>Martino Marconi<\/strong> (Morbio Inferiore) e <strong>Alberto Togni<\/strong> (Gordola). In lista ci sar\u00e0 anche il coordinatore della Giovent\u00f9 Comunista Svizzera <strong>Luca Frei<\/strong> (Cadro). Vi sar\u00e0 infine anche una candidata indipendente: <strong>Mixaris Gerosa<\/strong>, gi\u00e0 consigliera comunale di Balerna ed ex-membro della Direzione cantonale del sindacato UNIA nonch\u00e9 presidente dell\u2019Associazione dei Cubani residenti in Svizzera.<\/p>\n","protected":false},"excerpt":{"rendered":"<p>Nei prossimi giorni il Partito Comunista depositer\u00e0 presso la Cancelleria dello Stato la lista intitolata &#8220;No UE &#8211; No NATO&#8221; per il rinnovo del Consiglio Nazionale. Si tratta dell&#8217;unica lista di sinistra che difende senza se e senza ma la neutralit\u00e0 svizzera e che rifiuta categoricamente l&#8217;invio di armi all&#8217;Ucraina e a qualsiasi altro paese [&hellip;]<\/p>\n","protected":false},"author":2,"featured_media":8707,"comment_status":"open","ping_status":"open","sticky":false,"template":"","format":"standard","meta":{"footnotes":""},"categories":[4,7,47],"tags":[],"class_list":{"0":"post-7231","1":"post","2":"type-post","3":"status-publish","4":"format-standard","5":"has-post-thumbnail","7":"category-attualita","8":"category-diritti","9":"category-elezioni"},"_links":{"self":[{"href":"https:\/\/www.partitocomunista.ch\/index.php?rest_route=\/wp\/v2\/posts\/7231","targetHints":{"allow":["GET"]}}],"collection":[{"href":"https:\/\/www.partitocomunista.ch\/index.php?rest_route=\/wp\/v2\/posts"}],"about":[{"href":"https:\/\/www.partitocomunista.ch\/index.php?rest_route=\/wp\/v2\/types\/post"}],"author":[{"embeddable":true,"href":"https:\/\/www.partitocomunista.ch\/index.php?rest_route=\/wp\/v2\/users\/2"}],"replies":[{"embeddable":true,"href":"https:\/\/www.partitocomunista.ch\/index.php?rest_route=%2Fwp%2Fv2%2Fcomments&post=7231"}],"version-history":[{"count":0,"href":"https:\/\/www.partitocomunista.ch\/index.php?rest_route=\/wp\/v2\/posts\/7231\/revisions"}],"wp:featuredmedia":[{"embeddable":true,"href":"https:\/\/www.partitocomunista.ch\/index.php?rest_route=\/wp\/v2\/media\/8707"}],"wp:attachment":[{"href":"https:\/\/www.partitocomunista.ch\/index.php?rest_route=%2Fwp%2Fv2%2Fmedia&parent=7231"}],"wp:term":[{"taxonomy":"category","embeddable":true,"href":"https:\/\/www.partitocomunista.ch\/index.php?rest_route=%2Fwp%2Fv2%2Fcategories&post=7231"},{"taxonomy":"post_tag","embeddable":true,"href":"https:\/\/www.partitocomunista.ch\/index.php?rest_route=%2Fwp%2Fv2%2Ftags&post=7231"}],"curies":[{"name":"wp","href":"https:\/\/api.w.org\/{rel}","templated":true}]}}