{"id":6450,"date":"2022-06-16T07:59:20","date_gmt":"2022-06-16T05:59:20","guid":{"rendered":"https:\/\/www.partitocomunista.ch\/?p=6450"},"modified":"2022-06-16T07:59:20","modified_gmt":"2022-06-16T05:59:20","slug":"lugano-blindata-per-tutelare-gli-oligarchi-e-ostacolare-la-pace-annullare-la-conferenza-sullucraina","status":"publish","type":"post","link":"https:\/\/www.partitocomunista.ch\/?p=6450","title":{"rendered":"Lugano blindata per tutelare gli oligarchi e ostacolare la pace? Annullare la Conferenza sull&#8217;Ucraina."},"content":{"rendered":"<p>Riunitosi lo scorso fine settimana il comitato del Partito Comunista ha preso atto con preoccupazione dell&#8217;imminente Conferenza per la ricostruzione dell&#8217;Ucraina convocata a Lugano i prossimi 5 e 6 luglio: un evento che cozza con la nostra tradizione diplomatica e che non contribuir\u00e0 affatto a una soluzione pacifica del conflitto. Si tratta di un summit che andrebbe quindi annullato in quanto inopportuno sotto pi\u00f9 punti di vista:<\/p>\n<p><b>1.<\/b>\u00a0La Conferenza \u00e8 incompatibile con la neutralit\u00e0 svizzera poich\u00e9 prevede la presenza di una sola delle due parti in guerra! In questo modo la Confederazione si schiera apertamente e rinuncia definitivamente a ogni ruolo di mediazione.<\/p>\n<p><b>2.<\/b> La prevista partecipazione del Fondo Monetario Internazionale (FMI) render\u00e0 la Conferenza una riunione per la spartizione di stampo neo-coloniale dell&#8217;economia ucraina, a tutto vantaggio degli oligarchi ucraini e statunitensi che vogliono continuare le riforme di stampo neoliberista iniziate con il colpo di stato del 2014 e riaprire le trattative per aderire all&#8217;UE (la cui fine aveva comportato il golpe di Euromaidan). Gi\u00e0 oggi infatti le multinazionali Cargill, Dupont e Monsanto hanno privatizzato\u00a0170mila chilometri\u00a0quadrati di terre coltive in Ucraina.<\/p>\n<p><b>3.\u00a0<\/b>La mobilitazione di 1&#8217;600 soldati di leva (cio\u00e8 ragazzi non preparati adeguatamente a questo genere di ingaggio) dell&#8217;esercito svizzero, senza contare i militi della Protezione civile e i funzionari di Polizia per blindare la Citt\u00e0 denota una sproporzione di mezzi inaccettabile che creer\u00e0 ampi disagi alla popolazione e al suo diritto di muoversi liberamente, comportando inoltre costi ingenti che pagheranno i cittadini.<\/p>\n<p><b>4.<\/b>\u00a0Le dichiarazioni apparse sulla rivista in lingua francese della Societ\u00e0 Svizzera degli Ufficiali secondo cui a Lugano ci sarebbero &#8220;spie russe&#8221; pronte ad &#8220;architettare un incidente&#8221; lascia presagire un rischio di strategia della tensione estremamente pericolosa per la nostra stessa sicurezza nazionale.<\/p>\n<p>Il Partito Comunista chiede che questa Conferenza targata FMI e NATO sia annullata! Nel caso in cui essa dovesse tuttavia aver\u00a0luogo chiediamo che\u00a0siano garantiti i diritti costituzionali dei cittadini a potersi muovere ed esprimere liberamente. Il Partito Comunista rivendica inoltre che nessun coscritto dell&#8217;esercito e della PCi sia obbligato a prestare un servizio che non \u00e8 a difesa della sovranit\u00e0 e della neutralit\u00e0 del nostro Paese.<\/p>\n","protected":false},"excerpt":{"rendered":"<p>Riunitosi lo scorso fine settimana il comitato del Partito Comunista ha preso atto con preoccupazione dell&#8217;imminente Conferenza per la ricostruzione dell&#8217;Ucraina convocata a Lugano i prossimi 5 e 6 luglio: un evento che cozza con la nostra tradizione diplomatica e che non contribuir\u00e0 affatto a una soluzione pacifica del conflitto. Si tratta di un summit [&hellip;]<\/p>\n","protected":false},"author":2,"featured_media":8707,"comment_status":"open","ping_status":"open","sticky":false,"template":"","format":"standard","meta":{"footnotes":""},"categories":[4,25],"tags":[],"class_list":{"0":"post-6450","1":"post","2":"type-post","3":"status-publish","4":"format-standard","5":"has-post-thumbnail","7":"category-attualita","8":"category-sicurezza"},"_links":{"self":[{"href":"https:\/\/www.partitocomunista.ch\/index.php?rest_route=\/wp\/v2\/posts\/6450","targetHints":{"allow":["GET"]}}],"collection":[{"href":"https:\/\/www.partitocomunista.ch\/index.php?rest_route=\/wp\/v2\/posts"}],"about":[{"href":"https:\/\/www.partitocomunista.ch\/index.php?rest_route=\/wp\/v2\/types\/post"}],"author":[{"embeddable":true,"href":"https:\/\/www.partitocomunista.ch\/index.php?rest_route=\/wp\/v2\/users\/2"}],"replies":[{"embeddable":true,"href":"https:\/\/www.partitocomunista.ch\/index.php?rest_route=%2Fwp%2Fv2%2Fcomments&post=6450"}],"version-history":[{"count":0,"href":"https:\/\/www.partitocomunista.ch\/index.php?rest_route=\/wp\/v2\/posts\/6450\/revisions"}],"wp:featuredmedia":[{"embeddable":true,"href":"https:\/\/www.partitocomunista.ch\/index.php?rest_route=\/wp\/v2\/media\/8707"}],"wp:attachment":[{"href":"https:\/\/www.partitocomunista.ch\/index.php?rest_route=%2Fwp%2Fv2%2Fmedia&parent=6450"}],"wp:term":[{"taxonomy":"category","embeddable":true,"href":"https:\/\/www.partitocomunista.ch\/index.php?rest_route=%2Fwp%2Fv2%2Fcategories&post=6450"},{"taxonomy":"post_tag","embeddable":true,"href":"https:\/\/www.partitocomunista.ch\/index.php?rest_route=%2Fwp%2Fv2%2Ftags&post=6450"}],"curies":[{"name":"wp","href":"https:\/\/api.w.org\/{rel}","templated":true}]}}