{"id":6442,"date":"2022-06-10T04:27:34","date_gmt":"2022-06-10T02:27:34","guid":{"rendered":"https:\/\/www.partitocomunista.ch\/?p=6442"},"modified":"2022-06-10T04:27:34","modified_gmt":"2022-06-10T02:27:34","slug":"la-suisse-au-conseil-de-securite-de-lonu-il-y-a-tres-peu-de-quoi-se-rejouir","status":"publish","type":"post","link":"https:\/\/www.partitocomunista.ch\/?p=6442","title":{"rendered":"La Suisse au Conseil de s\u00e9curit\u00e9 de l\u2019ONU\u00a0? Il n\u2019y pas de quoi se r\u00e9jouir\u00a0!"},"content":{"rendered":"<p>Hier, la Suisse a \u00e9t\u00e9 \u00e9lue au Conseil de s\u00e9curit\u00e9 des Nations Unies. Bien que la Conf\u00e9d\u00e9ration ne fasse pas partie des membres permanents de cet organe (les seuls qui comptent vraiment\u00a0!), il n\u2019y a malheureusement pas de quoi se r\u00e9jouir\u00a0: cette \u00e9lection, d\u2019un point de vue de classe \u2013 surtout dans le contexte actuel, marqu\u00e9 par le renoncement de Berne \u00e0 un r\u00f4le de m\u00e9diateur dans la guerre en Ukraine \u2013 est \u00e0 lire en des termes n\u00e9gatifs. Ces derniers temps, les bons offices suisses (et avec eux la respectabilit\u00e9 de la Gen\u00e8ve internationale) ont subi la concurrence d\u2019Astana pour le conflit syrien et d\u2019Antalya pour le conflit ukrainien. \u00c0 la fois parce que l\u2019\u00e9quilibre g\u00e9opolitique s\u2019est d\u00e9plac\u00e9 vers l\u2019Est, mais aussi en raison d\u2019un manque progressif de confiance dans notre neutralit\u00e9 de plus en plus \u00ab\u00a0meurtrie\u00a0\u00bb.<\/p>\n<p>Les votes au Conseil de s\u00e9curit\u00e9 seront d\u00e9chirants en raison du conflit croissant entre l\u2019h\u00e9g\u00e9monisme atlantique, d\u2019une part, et les pays \u00e9mergents aspirant \u00e0 la multipolarit\u00e9, d\u2019autre part. De mani\u00e8re r\u00e9aliste, avec ce gouvernement (l\u2019un des plus confus de l\u2019histoire) et avec les rapports de force actuels au sein de la bourgeoisie de notre Pays, nous craignons que l\u2019adh\u00e9sion de la Suisse au Conseil de s\u00e9curit\u00e9 de l\u2019ONU ne se traduise par une soumission accrue aux int\u00e9r\u00eats des \u00c9tats-Unis et de l\u2019OTAN (ainsi que de l\u2019UE), aussi parce que le courant \u00ab\u00a0patriotique\u00a0\u00bb de la bourgeoisie suisse s\u2019av\u00e8re d\u00e9sorganis\u00e9 et faible par rapport aux partisans du mondialisme.<\/p>\n<p>Le Parti Communiste r\u00e9affirme que la Suisse \u2013 au-del\u00e0 de ces deux ann\u00e9es au Conseil de S\u00e9curit\u00e9 de l\u2019ONU \u2013 doit retrouver sa neutralit\u00e9 et redonner des pouvoirs et des moyens \u00e0 sa diplomatie, diversifier ses partenaires commerciaux et militaires, s\u2019ouvrir davantage aux pays \u00e9mergents et servir de pont entre l\u2019Occident et l\u2019Eurasie\u00a0: l\u2019alternative \u00e0 cela est de se retrouver \u2013 d\u00e9raisonnablement et contre nos propres int\u00e9r\u00eats nationaux \u2013 dans le tourbillon du d\u00e9clin politique et \u00e9conomique du syst\u00e8me atlantique.<\/p>\n","protected":false},"excerpt":{"rendered":"<p>Hier, la Suisse a \u00e9t\u00e9 \u00e9lue au Conseil de s\u00e9curit\u00e9 des Nations Unies. Bien que la Conf\u00e9d\u00e9ration ne fasse pas partie des membres permanents de cet organe (les seuls qui comptent vraiment\u00a0!), il n\u2019y a malheureusement pas de quoi se r\u00e9jouir\u00a0: cette \u00e9lection, d\u2019un point de vue de classe \u2013 surtout dans le contexte actuel, [&hellip;]<\/p>\n","protected":false},"author":2,"featured_media":8707,"comment_status":"open","ping_status":"open","sticky":false,"template":"","format":"standard","meta":{"footnotes":""},"categories":[14],"tags":[],"class_list":{"0":"post-6442","1":"post","2":"type-post","3":"status-publish","4":"format-standard","5":"has-post-thumbnail","7":"category-francais"},"_links":{"self":[{"href":"https:\/\/www.partitocomunista.ch\/index.php?rest_route=\/wp\/v2\/posts\/6442","targetHints":{"allow":["GET"]}}],"collection":[{"href":"https:\/\/www.partitocomunista.ch\/index.php?rest_route=\/wp\/v2\/posts"}],"about":[{"href":"https:\/\/www.partitocomunista.ch\/index.php?rest_route=\/wp\/v2\/types\/post"}],"author":[{"embeddable":true,"href":"https:\/\/www.partitocomunista.ch\/index.php?rest_route=\/wp\/v2\/users\/2"}],"replies":[{"embeddable":true,"href":"https:\/\/www.partitocomunista.ch\/index.php?rest_route=%2Fwp%2Fv2%2Fcomments&post=6442"}],"version-history":[{"count":0,"href":"https:\/\/www.partitocomunista.ch\/index.php?rest_route=\/wp\/v2\/posts\/6442\/revisions"}],"wp:featuredmedia":[{"embeddable":true,"href":"https:\/\/www.partitocomunista.ch\/index.php?rest_route=\/wp\/v2\/media\/8707"}],"wp:attachment":[{"href":"https:\/\/www.partitocomunista.ch\/index.php?rest_route=%2Fwp%2Fv2%2Fmedia&parent=6442"}],"wp:term":[{"taxonomy":"category","embeddable":true,"href":"https:\/\/www.partitocomunista.ch\/index.php?rest_route=%2Fwp%2Fv2%2Fcategories&post=6442"},{"taxonomy":"post_tag","embeddable":true,"href":"https:\/\/www.partitocomunista.ch\/index.php?rest_route=%2Fwp%2Fv2%2Ftags&post=6442"}],"curies":[{"name":"wp","href":"https:\/\/api.w.org\/{rel}","templated":true}]}}