{"id":6231,"date":"2022-02-28T18:31:50","date_gmt":"2022-02-28T17:31:50","guid":{"rendered":"https:\/\/www.partitocomunista.ch\/?p=6231"},"modified":"2022-02-28T18:31:50","modified_gmt":"2022-02-28T17:31:50","slug":"sen-tenir-a-la-neutralite-suisse-et-soutenir-le-desarmement-et-la-paix-en-ukraine","status":"publish","type":"post","link":"https:\/\/www.partitocomunista.ch\/?p=6231","title":{"rendered":"S\u2019en tenir \u00e0 la neutralit\u00e9 suisse et soutenir le d\u00e9sarmement et la paix en Ukraine !"},"content":{"rendered":"<p>1. Nous sommes tr\u00e8s pr\u00e9occup\u00e9s par la d\u00e9cision du gouvernement de la F\u00e9d\u00e9ration de Russie de proc\u00e9der \u00e0 une op\u00e9ration militaire sur le territoire de l\u2019Ukraine, allant ainsi bien au-del\u00e0 des R\u00e9publiques du Donbass avec lesquelles nous sommes solidaires depuis des ann\u00e9es. Pendant la manifestation contre la guerre qui a eu lieu \u00e0 Bellinzone le 19 f\u00e9vrier, nous avons clairement indiqu\u00e9 que le climat \u00e9tait tendu et que, quelle que soit la d\u00e9cision prise par Moscou, celle-ci aurait \u00e9t\u00e9 de toute mani\u00e8re condamn\u00e9e: si elle n\u2019intervenait pas, l\u2019arm\u00e9e ukrainienne aurait continu\u00e9 l\u2019\u00e9puration ethnique dans le Donbass ; mais si elle intervenait \u2013 ce qui a \u00e9t\u00e9 le cas \u2013 elle aurait \u00e9t\u00e9 accus\u00e9e de vouloir occuper un pays souverain. Les \u00c9tats-Unis, en refournissant d\u2019armes l\u2019arm\u00e9e ukrainienne dans sa guerre contre la population russe du Donbass, avaient l\u2019intention de cr\u00e9er un casus belli. En ne pouvant pas subir les menaces nucl\u00e9aires de l\u2019Occident et devant \u00e9viter l\u2019encerclement de son territoire, Moscou a r\u00e9agi, d\u2019abord en reconnaissant les deux r\u00e9publiques populaires de Lougansk et de Donetsk bombard\u00e9es par l\u2019Ukraine, ensuite en intervenant directement contre le r\u00e9gime de Kiev pour le d\u00e9militariser, d\u00e9nazifier et arr\u00eater les massacres de la population civile du Donbass.<\/p>\n<p>2. Bien que conscient de cette situation difficile, le Comit\u00e9 Central du Parti Communiste s\u2019oppose \u00e0 la guerre en tant qu\u2019instrument de r\u00e9solution des conflits internationaux et demande un cessez-le-feu imm\u00e9diat. Nous refusons toutefois la th\u00e9orie dite de l\u2019\u201d\u00e9quidistance\u201d, qui place la F\u00e9d\u00e9ration de Russie au m\u00eame plan que les forces imp\u00e9rialistes conduites par les \u00c9tats-Unis et leurs partenaires europ\u00e9ens, qui ont voulu et pr\u00e9par\u00e9 cette guerre. Effectivement, cette derni\u00e8re doit \u00eatre lue dans le contexte de la phase historique que nous vivons, dont la principale contradiction est identifiable dans l&#8217;unipolarit\u00e9 euro-atlantique en d\u00e9clin qui se heurte activement avec l&#8217;\u00e9mergence inexorable de l&#8217;Eurasie et de la multipolarit\u00e9.<\/p>\n<p>3. Il faut souligner que tout cela commen\u00e7a en 2014, lorsque l\u2019ancien pr\u00e9sident ukrainien Viktor Ianoukovytch d\u00e9cida de ne pas c\u00e9der au chantage de devoir signer le trait\u00e9 de pr\u00e9-adh\u00e9sion de l\u2019Ukraine \u00e0 l\u2019UE. Cette d\u00e9cision l\u00e9gitime provoqua un coup d\u2019\u00c9tat violent, dirig\u00e9 de l\u2019ext\u00e9rieur et de nature ouvertement nazi-fasciste. Le mouvement ainsi appel\u00e9 d\u2019\u00a0\u00ab\u00a0Euromaidan\u00a0\u00bb, appuy\u00e9 m\u00e9diatiquement, politiquement et militairement par l&#8217;imp\u00e9rialisme atlantique, renversa le gouvernement ukrainien, interdit le Parti Communiste de l\u2019Ukraine (qui \u00e9tait une force politique avec plus de 30 d\u00e9put\u00e9s et de 13% des votes), incendia la Maison des syndicats de Odessa en assassinant des syndicalistes et des travailleurs, dont aussi des mineurs, imposa des lois raciales au d\u00e9triment de la population russophone et commen\u00e7a une offensive militaire contre les r\u00e9gions du Donbass. Depuis, l\u2019Ukraine est \u00e0 nouveau contr\u00f4l\u00e9e par les \u00c9tats-Unis et l\u2019UE avec l\u2019intention de l\u2019int\u00e9grer dans la sph\u00e8re d\u2019influence de l\u2019OTAN. Oublier ces faits fait obstacle \u00e0 la compr\u00e9hension des causes qui sont \u00e0 l\u2019origine de la situation actuelle et aussi \u00e0 la concr\u00e9tisation d\u2019une solution respectueuse des int\u00e9r\u00eats l\u00e9gitimes en jeu et qui soit effectivement en faveur de la paix. Le r\u00e9gime ukrainien, appuy\u00e9 par l\u2019OTAN, a d\u00e8s le d\u00e9but refus\u00e9 toute n\u00e9gociation visant \u00e0 reconna\u00eetre les droits de la population russe, en sabotant de cette mani\u00e8re les accords de Minsk et, qui plus est, a m\u00eame menac\u00e9 de se doter d\u2019armes nucl\u00e9aires en violation du Memorandum de Budapest. Mais l\u2019exacerbation actuelle du conflit ukrainien a des causes encore plus lointaines, qui sont li\u00e9es \u00e0 la strat\u00e9gie belliciste des \u00c9tats-Unis et de l\u2019UE. Cette strat\u00e9gie, avec l\u2019\u00e9croulement du champ socialiste et de l\u2019Union Sovi\u00e9tique, ne favorisait pas seulement la course aux armements dans les pays de l\u2019Europe de l\u2019Ouest mais surtout l\u2019expansionnisme en continu de l\u2019OTAN aux proximit\u00e9s imm\u00e9diates des fronti\u00e8res russes. L\u2019engagement pris en 1991 par les \u00c9tats-Unis de ne pas \u00e9largir l\u2019OTAN vers l\u2019Ouest en impliquant les pays de l\u2019ancien Pacte de Varsovie a \u00e9t\u00e9 plusieurs fois viol\u00e9 et Washington a install\u00e9 en Roumanie et Pologne ses propres bases militaires avec des missiles strat\u00e9giques point\u00e9es contre la Russie, en constituant dans les faits une menace pas seulement pour la s\u00e9curit\u00e9 nationale russe, mais, en g\u00e9n\u00e9ral, pour tout l\u2019espace euroasiatique, en freinant ainsi son processus d\u2019int\u00e9gration \u00e9conomique et politique.<\/p>\n<p>4. Le Comit\u00e9 Central du Parti Communiste consid\u00e8re qu\u2019il faut maintenant urgemment proclamer un cessez-le-feu, r\u00e9ouvrir imm\u00e9diatement une n\u00e9gociation pour trouver une solution politique au conflit en cours, lequel a d\u00e9j\u00e0 cout\u00e9 beaucoup de vies humaines, et commencer le d\u00e9sarmement du pays dans une entente r\u00e9ciproque. En ce sens, nous invitons le gouvernement suisse \u00e0 mettre \u00e0 disposition ses bons offices afin de favoriser la distension et reconstruire le dialogue entre les parties, en toute faveur de la s\u00e9curit\u00e9 commune\u00a0: qu\u2019il soit \u00e9valu\u00e9, en ce sens, d\u2019offrir une localit\u00e9 suisse pour ces n\u00e9gociations qui sont dans l\u2019int\u00e9r\u00eat de nous tous. De notre c\u00f4t\u00e9, nous commencerons aussi \u00e0 d\u00e9marrer des discussions avec le Parti Communiste de la F\u00e9d\u00e9ration de Russie, le Parti Communiste de l\u2019Ukraine et le Parti Communiste de la R\u00e9publique Populaire de Donetsk en soutenant leurs initiatives humanitaires.<\/p>\n<p>5. Dans l\u2019int\u00e9r\u00eat de notre Pays et du Peuple suisse, il est n\u00e9cessaire de s\u2019en tenir au principe de la neutralit\u00e9 sans se faire influencer par les int\u00e9r\u00eats de l\u2019UE et des \u00c9tats-Unis, qui ont tout le temps attis\u00e9 la russophobie et astreint l\u2019Ukraine \u00e0 provoquer la Russie jusqu\u2019\u00e0 en arriver aux cons\u00e9quences catastrophiques que nous connaissons actuellement. La neutralit\u00e9 imposerait \u00e0 la Suisse de consid\u00e9rer les actions de Moscou come des violations du droit international et de la souverainet\u00e9 ukrainienne, sans toutefois oublier de condamner la r\u00e9pression en cours depuis 8 ann\u00e9es contre la population russe du Donbass et la violation continue \u2013 de la part du r\u00e9gime ukrainien \u2013 des accords de Minsk. De la m\u00eame mani\u00e8re, nous consid\u00e9rons que c\u2019est une grave erreur le fait, pour la Suisse, de s\u2019aligner aux sanctions d\u00e9cid\u00e9es unilat\u00e9ralement par l\u2019UE contre la Russie sans avoir jamais pris une position similaire, m\u00eame pas apr\u00e8s le coup d\u2019\u00c9tat du 2014, contre le r\u00e9gime de Kiev et ses terribles crimes de guerre perp\u00e9tr\u00e9s contre la population civile du Donbass aussi avec l\u2019aide d\u2019escadrons nazi-fascistes. Prononcer des sanctions et au m\u00eame temps s\u2019offrir en tant que m\u00e9diateurs pour la r\u00e9ouverture d\u2019un dialogue appara\u00eet \u00e0 tout le moins compliqu\u00e9.<\/p>\n<p>6. Nous ne d\u00e9plorons pas seulement le choix irresponsable du r\u00e9gime ukrainien de distribuer des armes \u00e0 la population civile en les rendant de cette mani\u00e8re des potentielles cibles, mais aussi l\u2019envoi de troupes en Ukraine par les pays occidentaux : une op\u00e9ration qui a pour seul but d\u2019augmenter les tensions et les d\u00e9versements de sang. Enfin, nous esp\u00e9rons qu\u2019il sera mis fin, au moins dans les m\u00e9dias suisses, \u00e0 l\u2019information grossi\u00e8rement partielle et superficielle qui n\u2019a d\u2019autre effet que de l\u00e9gitimer une culture belliciste et russophobe<\/p>\n","protected":false},"excerpt":{"rendered":"<p>1. Nous sommes tr\u00e8s pr\u00e9occup\u00e9s par la d\u00e9cision du gouvernement de la F\u00e9d\u00e9ration de Russie de proc\u00e9der \u00e0 une op\u00e9ration militaire sur le territoire de l\u2019Ukraine, allant ainsi bien au-del\u00e0 des R\u00e9publiques du Donbass avec lesquelles nous sommes solidaires depuis des ann\u00e9es. Pendant la manifestation contre la guerre qui a eu lieu \u00e0 Bellinzone le [&hellip;]<\/p>\n","protected":false},"author":2,"featured_media":8707,"comment_status":"open","ping_status":"open","sticky":false,"template":"","format":"standard","meta":{"footnotes":""},"categories":[14],"tags":[],"class_list":{"0":"post-6231","1":"post","2":"type-post","3":"status-publish","4":"format-standard","5":"has-post-thumbnail","7":"category-francais"},"_links":{"self":[{"href":"https:\/\/www.partitocomunista.ch\/index.php?rest_route=\/wp\/v2\/posts\/6231","targetHints":{"allow":["GET"]}}],"collection":[{"href":"https:\/\/www.partitocomunista.ch\/index.php?rest_route=\/wp\/v2\/posts"}],"about":[{"href":"https:\/\/www.partitocomunista.ch\/index.php?rest_route=\/wp\/v2\/types\/post"}],"author":[{"embeddable":true,"href":"https:\/\/www.partitocomunista.ch\/index.php?rest_route=\/wp\/v2\/users\/2"}],"replies":[{"embeddable":true,"href":"https:\/\/www.partitocomunista.ch\/index.php?rest_route=%2Fwp%2Fv2%2Fcomments&post=6231"}],"version-history":[{"count":0,"href":"https:\/\/www.partitocomunista.ch\/index.php?rest_route=\/wp\/v2\/posts\/6231\/revisions"}],"wp:featuredmedia":[{"embeddable":true,"href":"https:\/\/www.partitocomunista.ch\/index.php?rest_route=\/wp\/v2\/media\/8707"}],"wp:attachment":[{"href":"https:\/\/www.partitocomunista.ch\/index.php?rest_route=%2Fwp%2Fv2%2Fmedia&parent=6231"}],"wp:term":[{"taxonomy":"category","embeddable":true,"href":"https:\/\/www.partitocomunista.ch\/index.php?rest_route=%2Fwp%2Fv2%2Fcategories&post=6231"},{"taxonomy":"post_tag","embeddable":true,"href":"https:\/\/www.partitocomunista.ch\/index.php?rest_route=%2Fwp%2Fv2%2Ftags&post=6231"}],"curies":[{"name":"wp","href":"https:\/\/api.w.org\/{rel}","templated":true}]}}