{"id":5121,"date":"2021-05-16T23:12:07","date_gmt":"2021-05-16T21:12:07","guid":{"rendered":"https:\/\/www.partitocomunista.ch\/?p=5121"},"modified":"2021-05-16T23:12:07","modified_gmt":"2021-05-16T21:12:07","slug":"in-memoria-di-un-eduardo-diniz-de-almeida-capitano-daprile","status":"publish","type":"post","link":"https:\/\/www.partitocomunista.ch\/?p=5121","title":{"rendered":"In memoria di Eduardo Diniz de Almeida, capitano d&#8217;Aprile"},"content":{"rendered":"<p>Il Partito Comunista ha appreso con costernazione della morte del colonnello <strong>Eduardo Diniz Santos de Almeida<\/strong>, esponente fin dai tempi della clandestinit\u00e0 del Movimento delle Forze Armate che rovesci\u00f2 la tirannide fascista di Marcelo Caetano in Portogallo.<\/p>\n<p>Il giorno dell\u2019insurrezione civico-militare, il 25 aprile 1974, il colonnello de Almeida era alla testa di una colonna che part\u00ec da Figueira da Foz per Lisbona, e che liber\u00f2 la fortezza di Peniche, in cui\u00a0il regime salazarista incarcerava i propri oppositori politici, socialisti e comunisti in primis.<\/p>\n<p>Il Partito Comunista Porotghese (PCP) &#8211; a cui l&#8217;ex-colonnello era vicino &#8211; in una nota di profondo cordoglio diramata oggi ricorda come il colonnello de Almeida fu \u201cbersaglio privilegiato degli attacchi pi\u00f9 subdoli delle forze reazionarie, ha mantenuto nella sua azione l&#8217;obiettivo di difendere la Rivoluzione d\u2019Aprile, i suoi valori e il suo progetto\u201d.<\/p>\n<p><a href=\"https:\/\/new.partitocomunista.ch\/wp-content\/uploads\/2021\/05\/diniz.jpeg\"><img loading=\"lazy\" decoding=\"async\" class=\"alignleft wp-image-5125\" src=\"https:\/\/new.partitocomunista.ch\/wp-content\/uploads\/2021\/05\/diniz.jpeg\" alt=\"\" width=\"443\" height=\"249\" \/><\/a>Dopo aver lasciato l&#8217;esercito, il colonnello de Almeida si \u00e8 laureato in psicologia clinica e ha mantenuto una certa attivit\u00e0 politica: fino al 1998 \u00e8 stato fra i responsabile del Dicastero Economia e Turismo del Municipio di Vila Franca de Xira e in seguito, come indipendente nella Coalizione Democratica Unita &#8211; la lista elettorale guidata dal PCP &#8211; con cui prima si \u00e8 candidato al Parlamento europeo e in seguito \u00e8 stato eletto consigliere comunale di Cascais tra il 2001 e il 2005. Ha pure fatto parte del comitato di sostegno alla candidatura del compagno Jer\u00f3nimo de Sousa, segretario dei comunisti portoghesi, a Presidente della Repubblica.<\/p>\n<p>Consapevoli dell\u2019importanza storica della Rivoluzione dei Garofani nella democratizzazione del Portogallo in una prospettiva socialista e per il processo di\u00a0\u00a0liberazione nazionale delle ex-colonie, esprimiamo ai compagni portoghesi il nostro sentimento di vicinanza.<\/p>\n","protected":false},"excerpt":{"rendered":"<p>Il Partito Comunista ha appreso con costernazione della morte del colonnello Eduardo Diniz Santos de Almeida, esponente fin dai tempi della clandestinit\u00e0 del Movimento delle Forze Armate che rovesci\u00f2 la tirannide fascista di Marcelo Caetano in Portogallo. Il giorno dell\u2019insurrezione civico-militare, il 25 aprile 1974, il colonnello de Almeida era alla testa di una colonna [&hellip;]<\/p>\n","protected":false},"author":2,"featured_media":8707,"comment_status":"open","ping_status":"open","sticky":false,"template":"","format":"standard","meta":{"footnotes":""},"categories":[49,17],"tags":[],"class_list":{"0":"post-5121","1":"post","2":"type-post","3":"status-publish","4":"format-standard","5":"has-post-thumbnail","7":"category-europa","8":"category-internazionale"},"_links":{"self":[{"href":"https:\/\/www.partitocomunista.ch\/index.php?rest_route=\/wp\/v2\/posts\/5121","targetHints":{"allow":["GET"]}}],"collection":[{"href":"https:\/\/www.partitocomunista.ch\/index.php?rest_route=\/wp\/v2\/posts"}],"about":[{"href":"https:\/\/www.partitocomunista.ch\/index.php?rest_route=\/wp\/v2\/types\/post"}],"author":[{"embeddable":true,"href":"https:\/\/www.partitocomunista.ch\/index.php?rest_route=\/wp\/v2\/users\/2"}],"replies":[{"embeddable":true,"href":"https:\/\/www.partitocomunista.ch\/index.php?rest_route=%2Fwp%2Fv2%2Fcomments&post=5121"}],"version-history":[{"count":0,"href":"https:\/\/www.partitocomunista.ch\/index.php?rest_route=\/wp\/v2\/posts\/5121\/revisions"}],"wp:featuredmedia":[{"embeddable":true,"href":"https:\/\/www.partitocomunista.ch\/index.php?rest_route=\/wp\/v2\/media\/8707"}],"wp:attachment":[{"href":"https:\/\/www.partitocomunista.ch\/index.php?rest_route=%2Fwp%2Fv2%2Fmedia&parent=5121"}],"wp:term":[{"taxonomy":"category","embeddable":true,"href":"https:\/\/www.partitocomunista.ch\/index.php?rest_route=%2Fwp%2Fv2%2Fcategories&post=5121"},{"taxonomy":"post_tag","embeddable":true,"href":"https:\/\/www.partitocomunista.ch\/index.php?rest_route=%2Fwp%2Fv2%2Ftags&post=5121"}],"curies":[{"name":"wp","href":"https:\/\/api.w.org\/{rel}","templated":true}]}}