{"id":4820,"date":"2021-03-06T13:00:03","date_gmt":"2021-03-06T12:00:03","guid":{"rendered":"https:\/\/www.partitocomunista.ch\/?p=4820"},"modified":"2021-03-06T13:00:03","modified_gmt":"2021-03-06T12:00:03","slug":"il-partito-comunista-portoghese-festeggia-i-suoi-100-anni","status":"publish","type":"post","link":"https:\/\/www.partitocomunista.ch\/?p=4820","title":{"rendered":"Il Partito Comunista Portoghese festeggia i suoi 100 anni"},"content":{"rendered":"<p>Il Partito Comunista Portoghese (PCP), con cui negli ultimi anni abbiamo costruito un rapporto di amicizia e di solidariet\u00e0, sta sviluppando un ampio programma di iniziative sotto lo slogan &#8220;1921-2021 &#8211; Centenario del Partito Comunista Portoghese &#8211; Libert\u00e0, Democrazia, Socialismo &#8211; Il futuro ha un Partito&#8221;. Come parte delle commemorazioni, il PCP terr\u00e0 dal 1 al 6 marzo di quest&#8217;anno una vasta gamma di iniziative in tutto il paese, segnando la sua storia eroica di 100 anni di lotta e affermando il suo progetto per il futuro.<\/p>\n<p>Di fronte alla situazione attuale, segnata da gravi problemi economici e sociali e di salute pubblica, in cui l&#8217;epidemia, oltre ai suoi effetti diretti, viene utilizzata per promuovere arretramenti, per mettere in discussione i diritti politici, economici, sociali e culturali, colpendo profondamente le condizioni di vita dei lavoratori e del popolo portoghese, il PCP ha deciso di fare del suo Centenario una giornata di lotta e di mobilitazione concentrandosi sui problemi dei lavoratori, del popolo e del paese.<\/p>\n<p>In questo senso, il PCP sta realizzando centinaia di azioni sul territorio che sono culminati oggi sabato 6 marzo, con un&#8217;iniziativa diretta ai lavoratori delle imprese che lavorano quel giorno. Il compagno <strong>Jer\u00f3nimo de Sousa<\/strong>, segretario generale del PCP, ha parlato a Lisbona e il suo comizio \u00e8 stato preceduto da un corteo di cento militanti del PCP e della Giovent\u00f9 Comunista Portoghese (JCP) attraverso luoghi legati alla storia di lotta del PCP, dei lavoratori e del popolo portoghese.<\/p>\n<p>Nei giorni scorsi invece si sono gi\u00e0 svolti altri eventi: il 2 marzo c&#8217;\u00e8 stato un &#8220;Omaggio agli eroi caduti nella lotta&#8221; in cui ricorder\u00e0 le decine di militanti comunisti, uomini e donne, lavoratori, intellettuali e artisti che hanno perso la vita per l&#8217;ideale socialista, assassinati dalla dittatura fascista, o, gi\u00e0 dopo il 25 aprile 1974, nella resistenza alla controrivoluzione e nella difesa delle conquiste della Rivoluzione d&#8217;Aprile. Il 4 marzo poi \u00e8 uscita un&#8217;edizione speciale del settimanale &#8220;Avante!&#8221;, l&#8217;organo centrale del PCP, con un supplemento e un poster allusivo al Centenario.<\/p>\n<p>Il nostro Partito ha inviato una lettera di auguri firmata dal compagno <strong>Massimiliano Ay<\/strong>, segretario politico e dal compagno <strong>Stefano Araujo<\/strong>, membro del Comitato Centrale e incaricato per le relazioni internazionali.<\/p>\n<p>[pdf-embedder url=&quot;https:\/\/new.partitocomunista.ch\/wp-content\/uploads\/2021\/03\/lettera_PCP_100anni_2021.pdf%22]<\/p>\n<p>Nel frattempo il Comitato Centrale del PCP ha approvato una risoluzione in riferimento a questo importante giubileo e che si pu\u00f2 leggere in lingua inglese di seguito: <a href=\"https:\/\/www.pcp.pt\/en\/1921-2021-centennial-portuguese-communist-party\">https:\/\/www.pcp.pt\/en\/1921-2021-centennial-portuguese-communist-party<\/a><\/p>\n","protected":false},"excerpt":{"rendered":"<p>Il Partito Comunista Portoghese (PCP), con cui negli ultimi anni abbiamo costruito un rapporto di amicizia e di solidariet\u00e0, sta sviluppando un ampio programma di iniziative sotto lo slogan &#8220;1921-2021 &#8211; Centenario del Partito Comunista Portoghese &#8211; Libert\u00e0, Democrazia, Socialismo &#8211; Il futuro ha un Partito&#8221;. Come parte delle commemorazioni, il PCP terr\u00e0 dal 1 [&hellip;]<\/p>\n","protected":false},"author":2,"featured_media":8707,"comment_status":"open","ping_status":"open","sticky":false,"template":"","format":"standard","meta":{"footnotes":""},"categories":[49,17],"tags":[],"class_list":{"0":"post-4820","1":"post","2":"type-post","3":"status-publish","4":"format-standard","5":"has-post-thumbnail","7":"category-europa","8":"category-internazionale"},"_links":{"self":[{"href":"https:\/\/www.partitocomunista.ch\/index.php?rest_route=\/wp\/v2\/posts\/4820","targetHints":{"allow":["GET"]}}],"collection":[{"href":"https:\/\/www.partitocomunista.ch\/index.php?rest_route=\/wp\/v2\/posts"}],"about":[{"href":"https:\/\/www.partitocomunista.ch\/index.php?rest_route=\/wp\/v2\/types\/post"}],"author":[{"embeddable":true,"href":"https:\/\/www.partitocomunista.ch\/index.php?rest_route=\/wp\/v2\/users\/2"}],"replies":[{"embeddable":true,"href":"https:\/\/www.partitocomunista.ch\/index.php?rest_route=%2Fwp%2Fv2%2Fcomments&post=4820"}],"version-history":[{"count":0,"href":"https:\/\/www.partitocomunista.ch\/index.php?rest_route=\/wp\/v2\/posts\/4820\/revisions"}],"wp:featuredmedia":[{"embeddable":true,"href":"https:\/\/www.partitocomunista.ch\/index.php?rest_route=\/wp\/v2\/media\/8707"}],"wp:attachment":[{"href":"https:\/\/www.partitocomunista.ch\/index.php?rest_route=%2Fwp%2Fv2%2Fmedia&parent=4820"}],"wp:term":[{"taxonomy":"category","embeddable":true,"href":"https:\/\/www.partitocomunista.ch\/index.php?rest_route=%2Fwp%2Fv2%2Fcategories&post=4820"},{"taxonomy":"post_tag","embeddable":true,"href":"https:\/\/www.partitocomunista.ch\/index.php?rest_route=%2Fwp%2Fv2%2Ftags&post=4820"}],"curies":[{"name":"wp","href":"https:\/\/api.w.org\/{rel}","templated":true}]}}