{"id":4719,"date":"2021-01-29T01:10:23","date_gmt":"2021-01-29T00:10:23","guid":{"rendered":"https:\/\/www.partitocomunista.ch\/?p=4719"},"modified":"2021-01-29T01:10:23","modified_gmt":"2021-01-29T00:10:23","slug":"in-memoria-del-compagno-willi-gerns","status":"publish","type":"post","link":"https:\/\/www.partitocomunista.ch\/?p=4719","title":{"rendered":"In memoria del compagno Willi Gerns"},"content":{"rendered":"<p>Nella notte tra il 25 e il 26 gennaio 2021, il comunista di Brema <strong>Willi Gerns<\/strong> \u00e8 morto all&#8217;et\u00e0 di 90 anni. Alle nostre latitudini egli non risulta forse molto conosciuto, ma la sua figura \u00e8 stata molto importante nel movimento operaio tedesco, un vero e proprio ideologo.<\/p>\n<p>Il segretario politico del nostro Partito, il compagno <strong>Massimiliano Ay<\/strong>, ha inviato una nota di cordoglio al Partito Comunista Tedesco (DKP) con queste parole: &#8220;Era un marxista coerente, un fine studioso della teoria anti-monopolista ed era un&#8217;ispirazione anche per noi. Particolarmente istruttivo rimane il libro &#8220;Strategia rivoluzionaria in tempi non rivoluzionari&#8221;, che raccoglie i suoi numerosi articoli e saggi brevi.<\/p>\n<div>\n<p><a href=\"https:\/\/new.partitocomunista.ch\/wp-content\/uploads\/2021\/01\/gerns1.jpg\"><img loading=\"lazy\" decoding=\"async\" class=\"alignright wp-image-4721\" src=\"https:\/\/new.partitocomunista.ch\/wp-content\/uploads\/2021\/01\/gerns1.jpg\" alt=\"\" width=\"198\" height=\"297\" \/><\/a>Willi Gerns aveva aderito al marxismo nel 1949: apparteneva a una generazione di comunisti che furono spiati, schedati e perseguitati politicamente per le loro attivit\u00e0 nella Libera Giovent\u00f9 Tedesca (FDJ) e nello storico Partito Comunista di Germania (KPD), vietati nella Germania capitalista negli anni &#8217;50 e tuttora illegali. Willi e i suoi compagni resistettero alla corsa al riarmo e alla rinascita del militarismo tedesco e furono tra gli iniziatori della ricostituzione del partito comunista nella Repubblica Federale Tedesca dopo gli anni della clandestinit\u00e0 durati fino al 1968.<\/p>\n<p>Per la sua attivit\u00e0 politica, nonostante la pretesa democrazia liberale, fu condannato dagli stessi giudici che pochi anni prima operavano agli ordini di Hitler, a 29 mesi di carcere in quanto membro di un partito vietato dal governo, e in seguito fu nuovamente arrestato con l&#8217;accusa di &#8220;continuazione di attivit\u00e0 comunista&#8221; quando come delegato sindacale nell&#8217;industria metallurgica promosso uno sciopero di avvertimento ad Hannover. In seguito, per due anni, fu studente a Mosca, nell&#8217;Unione Sovietica, e pi\u00f9 tardi si trasfer\u00ec a Brema dove inizi\u00f2 a lavorare come &#8220;rivoluzionario di professione&#8221; nel neo-costituito DKP, di cui anni dopo divenne membro dell&#8217;ufficio presidenziale e responsabile della formazione politica. Per anni contribu\u00ec anche alla redazione della rivista teorica &#8220;Marxistische Bl\u00e4tter&#8221;.<\/p>\n<\/div>\n","protected":false},"excerpt":{"rendered":"<p>Nella notte tra il 25 e il 26 gennaio 2021, il comunista di Brema Willi Gerns \u00e8 morto all&#8217;et\u00e0 di 90 anni. Alle nostre latitudini egli non risulta forse molto conosciuto, ma la sua figura \u00e8 stata molto importante nel movimento operaio tedesco, un vero e proprio ideologo. Il segretario politico del nostro Partito, il [&hellip;]<\/p>\n","protected":false},"author":2,"featured_media":8707,"comment_status":"open","ping_status":"open","sticky":false,"template":"","format":"standard","meta":{"footnotes":""},"categories":[49,17],"tags":[],"class_list":{"0":"post-4719","1":"post","2":"type-post","3":"status-publish","4":"format-standard","5":"has-post-thumbnail","7":"category-europa","8":"category-internazionale"},"_links":{"self":[{"href":"https:\/\/www.partitocomunista.ch\/index.php?rest_route=\/wp\/v2\/posts\/4719","targetHints":{"allow":["GET"]}}],"collection":[{"href":"https:\/\/www.partitocomunista.ch\/index.php?rest_route=\/wp\/v2\/posts"}],"about":[{"href":"https:\/\/www.partitocomunista.ch\/index.php?rest_route=\/wp\/v2\/types\/post"}],"author":[{"embeddable":true,"href":"https:\/\/www.partitocomunista.ch\/index.php?rest_route=\/wp\/v2\/users\/2"}],"replies":[{"embeddable":true,"href":"https:\/\/www.partitocomunista.ch\/index.php?rest_route=%2Fwp%2Fv2%2Fcomments&post=4719"}],"version-history":[{"count":0,"href":"https:\/\/www.partitocomunista.ch\/index.php?rest_route=\/wp\/v2\/posts\/4719\/revisions"}],"wp:featuredmedia":[{"embeddable":true,"href":"https:\/\/www.partitocomunista.ch\/index.php?rest_route=\/wp\/v2\/media\/8707"}],"wp:attachment":[{"href":"https:\/\/www.partitocomunista.ch\/index.php?rest_route=%2Fwp%2Fv2%2Fmedia&parent=4719"}],"wp:term":[{"taxonomy":"category","embeddable":true,"href":"https:\/\/www.partitocomunista.ch\/index.php?rest_route=%2Fwp%2Fv2%2Fcategories&post=4719"},{"taxonomy":"post_tag","embeddable":true,"href":"https:\/\/www.partitocomunista.ch\/index.php?rest_route=%2Fwp%2Fv2%2Ftags&post=4719"}],"curies":[{"name":"wp","href":"https:\/\/api.w.org\/{rel}","templated":true}]}}