{"id":4640,"date":"2021-01-15T14:28:22","date_gmt":"2021-01-15T13:28:22","guid":{"rendered":"https:\/\/www.partitocomunista.ch\/?p=4640"},"modified":"2021-01-15T14:28:22","modified_gmt":"2021-01-15T13:28:22","slug":"carenza-di-vaccini-ci-vuole-una-produzione-nazionale-di-vaccini","status":"publish","type":"post","link":"https:\/\/www.partitocomunista.ch\/?p=4640","title":{"rendered":"Carenza di vaccini: va nazionalizzata l\u2019industria farmaceutica di base!"},"content":{"rendered":"<p>La direttrice dell\u2019Ufficio federale della sanit\u00e0 pubblica (UFSP), invita la popolazione alla pazienza per la campagna di vaccinazione. Si tratterebbe infatti della pi\u00f9 grande sfida logistica di sempre. Tralasciando un istante che quanto introdotto dovrebbe in realt\u00e0 gi\u00e0 essere presente nelle strategie che avrebbero dovuto essere state affinate da anni in vista di possibili pandemie, il Partito Comunista \u00e8 scettico circa l\u2019esaltazione di questa mastodontica pianificazione a fronte di una disponibilit\u00e0 di dosi ancora largamente insufficiente rispetto ai bisogni.<\/p>\n<p>Ancora una volta infatti &#8211; come \u00e8 stato il caso delle mascherine o delle riserve di etanolo liquidate in seguito alla privatizzazione dell\u2019ex regia federale dell\u2019alcol \u2013 il problema va individuato a monte! Nonostante la Svizzera sia stata tra i primi paesi ad assicurarsi sul mercato il numero di dosi sufficienti per la popolazione, queste sono ora limitatamente disponibili siccome la produzione attuale non pu\u00f2 coprire la richiesta. Ma la situazione fino a pochi anni fa era ben diversa!<\/p>\n<p>Fino al 2001 infatti, esisteva in Svizzera l\u2019istituto sieroterapico e vaccinogeno svizzero, sorto gi\u00e0 a fine \u2018800, un\u2019azienda che acquis\u00ec prestigio a livello internazionale per la sua ricerca anche in settori sperimentali e per svariati vaccini fra cui quelli contro il vaiolo, il colera e il tifo (fu una delle poche aziende al mondo a produrre dei vaccini contro la prima SARS!).<\/p>\n<div>\n<p>Purtroppo, ad inizio anni 2000 l\u2019istituto rinominato \u201cBern Biotech SA\u201d diviene protagonista di speculazioni ed errori manageriali: a causa del mancato investimento pubblico di \u201csoli\u201d 12 milioni (negato dall\u2019allora Consigliere Federale Pascal Couchepin ai tempi dell\u2019influenza aviaria), il fiore all\u2019occhiello della vaccinazione svizzera viene abbandonato a se stesso e acquisito dall\u2019olandese \u201cCrucell\u201d, che in pochi anni viene a sua volta assorbita, assieme a quanto restava degli stabilimenti produttivi di Bern Biotech SA, da gruppi statunitensi che ne delocalizzano le filiere produttive.<\/p>\n<div><\/div>\n<div>\n<p>Il caso della Bern Biotech SA non \u00e8 per\u00f2 il solo nel panorama elvetico: nel 2014 anche il colosso farmaceutico Novartis decideva infatti di vendere le sue unit\u00e0 dedicate alla produzione di vaccini a societ\u00e0 straniere (l\u2019americana GlaxoSmithKline e l&#8217;australiana CSL-Limited).<\/p>\n<p>Negli ultimi 15 anni numerosi atti parlamentari e appelli della comunit\u00e0 scientifica misero in guardia il Consiglio Federale circa i rischi di una dipendenza totale dall\u2019estero per un eventuale bisogno urgente di produzione di vaccini in caso di pandemia, mentre l\u2019Ufficio Federale per l\u2019Approvvigionamento economico (UFAE) avverte che in generale la scarsit\u00e0 di vaccini in Svizzera \u00e8 un problema sempre pi\u00f9 frequente.<\/p>\n<\/div>\n<div><\/div>\n<div>\n<p>Il Consiglio federale nel 2014 ha &#8211; bont\u00e0 sua! &#8211; &#8220;tematizzato la possibilit\u00e0 di sviluppare una produzione nazionale destinata all&#8217;approvvigionamento di vaccini in caso di pandemia&#8221;, forse sarebbe per\u00f2 giunta anche l&#8217;ora che si tematizzi di meno e si agisca di pi\u00f9, abbandonando per una volta i dogmi neo-liberisti di sottomissione al grande capitale farmaceutico!<\/p>\n<p>Come Partito Comunista ribadiamo ancora una volta che questi settori essenziali non devono essere lasciati in balia del mercato e dei suoi fenomeni speculativi: occorre dunque nazionalizzare al pi\u00f9 presto la produzione farmaceutica di base, dai vaccini fino ai farmaci generici, assicurando l&#8217;approvvigionamento medico del paese e sottraendo questi ambiti economici alla speculazione che ben conosciamo.<\/p>\n<\/div>\n<\/div>\n","protected":false},"excerpt":{"rendered":"<p>La direttrice dell\u2019Ufficio federale della sanit\u00e0 pubblica (UFSP), invita la popolazione alla pazienza per la campagna di vaccinazione. Si tratterebbe infatti della pi\u00f9 grande sfida logistica di sempre. Tralasciando un istante che quanto introdotto dovrebbe in realt\u00e0 gi\u00e0 essere presente nelle strategie che avrebbero dovuto essere state affinate da anni in vista di possibili pandemie, [&hellip;]<\/p>\n","protected":false},"author":2,"featured_media":8707,"comment_status":"open","ping_status":"open","sticky":false,"template":"","format":"standard","meta":{"footnotes":""},"categories":[4,6,23],"tags":[],"class_list":{"0":"post-4640","1":"post","2":"type-post","3":"status-publish","4":"format-standard","5":"has-post-thumbnail","7":"category-attualita","8":"category-coronavirus","9":"category-sanita-e-socialita"},"_links":{"self":[{"href":"https:\/\/www.partitocomunista.ch\/index.php?rest_route=\/wp\/v2\/posts\/4640","targetHints":{"allow":["GET"]}}],"collection":[{"href":"https:\/\/www.partitocomunista.ch\/index.php?rest_route=\/wp\/v2\/posts"}],"about":[{"href":"https:\/\/www.partitocomunista.ch\/index.php?rest_route=\/wp\/v2\/types\/post"}],"author":[{"embeddable":true,"href":"https:\/\/www.partitocomunista.ch\/index.php?rest_route=\/wp\/v2\/users\/2"}],"replies":[{"embeddable":true,"href":"https:\/\/www.partitocomunista.ch\/index.php?rest_route=%2Fwp%2Fv2%2Fcomments&post=4640"}],"version-history":[{"count":0,"href":"https:\/\/www.partitocomunista.ch\/index.php?rest_route=\/wp\/v2\/posts\/4640\/revisions"}],"wp:featuredmedia":[{"embeddable":true,"href":"https:\/\/www.partitocomunista.ch\/index.php?rest_route=\/wp\/v2\/media\/8707"}],"wp:attachment":[{"href":"https:\/\/www.partitocomunista.ch\/index.php?rest_route=%2Fwp%2Fv2%2Fmedia&parent=4640"}],"wp:term":[{"taxonomy":"category","embeddable":true,"href":"https:\/\/www.partitocomunista.ch\/index.php?rest_route=%2Fwp%2Fv2%2Fcategories&post=4640"},{"taxonomy":"post_tag","embeddable":true,"href":"https:\/\/www.partitocomunista.ch\/index.php?rest_route=%2Fwp%2Fv2%2Ftags&post=4640"}],"curies":[{"name":"wp","href":"https:\/\/api.w.org\/{rel}","templated":true}]}}