{"id":4540,"date":"2020-12-29T23:17:47","date_gmt":"2020-12-29T22:17:47","guid":{"rendered":"https:\/\/www.partitocomunista.ch\/?p=4540"},"modified":"2020-12-29T23:17:47","modified_gmt":"2020-12-29T22:17:47","slug":"importante-processo-di-ringiovanimento-per-i-comunisti-svedesi","status":"publish","type":"post","link":"https:\/\/www.partitocomunista.ch\/?p=4540","title":{"rendered":"Importante processo di ringiovanimento per i comunisti svedesi"},"content":{"rendered":"<p>Il 19\u00b0 Congresso del Partito Comunista (KP) di Svezia svoltosi lo scorso settembre \u00e8 stato un successo. L&#8217;assise ha provveduto a eleggere il nuovo Presidente del Partito: carica che sar\u00e0 ora ricoperta da un giovane 32enne, il compagno <strong>Povel Johansson<\/strong>, di professione macchinista ferroviario, il quale sar\u00e0 coadiuvato dal vice-presidente <strong>Jan-\u00c5ke Karlsson<\/strong>, un insegnante. Nella foto sono seduti col resto dei componenti dell&#8217;Ufficio politico del Partito.<\/p>\n<p>Per permettere al <em>Kommunistiska Partiet<\/em> di operare al meglio sono previsti due funzionari stipendiati a tempo pieno e due a tempo parziale cos\u00ec da professionalizzare l&#8217;organizzazione politica e adeguarla alle nuove sfide. Sono passi importanti per un Partito che pone molta importanza al lavoro sindacale fra la classe operaia e al ringiovanimento dei quadri dirigenti, quasi tutti trentenni. Il Comitato Centrale del Partito, composto di 20 quadri, \u00e8 stato rinnovato per met\u00e0: dieci sono infatti i membri neo-eletti e l&#8217;et\u00e0 media \u00e8 di 46 anni.<\/p>\n<p>Il Congresso ha definito molto difficoltosa la situazione per la classe operaia svedese anche perch\u00e9 i socialdemocratici e i verdi hanno siglato un accordo con i liberali che prevede una riforma della legge sul lavoro che facilita il ricorso ai licenziamenti da parte del padronato. Questa decisione ha spinto purtroppo molti operai a sostenere l&#8217;estrema destra rappresentata dal partito dei Democratici Svedesi. Ma il Congresso ha dovuto affrontare anche le conseguenze della crisi sanitaria da Coronavirus contestando in particolare la continua privatizzazione dell&#8217;assistenza sanitaria.<\/p>\n<p>La pandemia ha ovviamente ostacolato il lavoro quotidiano del Partito, anche se la Svezia non ha avuto un complete lockdown, tanto da permettere al Partito di co-organizzare la Corsa alla Pace (&#8220;Fredsloppet&#8221;), una gara podistica di carattere solidale, che quest&#8217;anno per evitare affollamenti si \u00e8 svolta divisa in 16 localit\u00e0 con un totale di 900 partecipanti.<\/p>\n<p>Un altro aspetto positivo riscontrato dai compagni svedesi \u00e8 la continua crescita del settimanale &#8220;<a href=\"http:\/\/proletaren.se\/\">Prolet\u00e4ren<\/a>&#8221; che, con le sue 24 pagine, viene inviato a diverse migliaia di abbonati e centinaia di copie vengono vendute sui posti di lavoro e sulle piazze. Il Congresso ha pure eletto il direttore della redazione nella persona del compagno <strong>August Eliasson\u00a0<\/strong>e ha dato mandato per un incremento della presenza del giornale anche in ambito digitale e online.<\/p>\n","protected":false},"excerpt":{"rendered":"<p>Il 19\u00b0 Congresso del Partito Comunista (KP) di Svezia svoltosi lo scorso settembre \u00e8 stato un successo. L&#8217;assise ha provveduto a eleggere il nuovo Presidente del Partito: carica che sar\u00e0 ora ricoperta da un giovane 32enne, il compagno Povel Johansson, di professione macchinista ferroviario, il quale sar\u00e0 coadiuvato dal vice-presidente Jan-\u00c5ke Karlsson, un insegnante. Nella [&hellip;]<\/p>\n","protected":false},"author":2,"featured_media":8707,"comment_status":"open","ping_status":"open","sticky":false,"template":"","format":"standard","meta":{"footnotes":""},"categories":[49,17],"tags":[],"class_list":{"0":"post-4540","1":"post","2":"type-post","3":"status-publish","4":"format-standard","5":"has-post-thumbnail","7":"category-europa","8":"category-internazionale"},"_links":{"self":[{"href":"https:\/\/www.partitocomunista.ch\/index.php?rest_route=\/wp\/v2\/posts\/4540","targetHints":{"allow":["GET"]}}],"collection":[{"href":"https:\/\/www.partitocomunista.ch\/index.php?rest_route=\/wp\/v2\/posts"}],"about":[{"href":"https:\/\/www.partitocomunista.ch\/index.php?rest_route=\/wp\/v2\/types\/post"}],"author":[{"embeddable":true,"href":"https:\/\/www.partitocomunista.ch\/index.php?rest_route=\/wp\/v2\/users\/2"}],"replies":[{"embeddable":true,"href":"https:\/\/www.partitocomunista.ch\/index.php?rest_route=%2Fwp%2Fv2%2Fcomments&post=4540"}],"version-history":[{"count":0,"href":"https:\/\/www.partitocomunista.ch\/index.php?rest_route=\/wp\/v2\/posts\/4540\/revisions"}],"wp:featuredmedia":[{"embeddable":true,"href":"https:\/\/www.partitocomunista.ch\/index.php?rest_route=\/wp\/v2\/media\/8707"}],"wp:attachment":[{"href":"https:\/\/www.partitocomunista.ch\/index.php?rest_route=%2Fwp%2Fv2%2Fmedia&parent=4540"}],"wp:term":[{"taxonomy":"category","embeddable":true,"href":"https:\/\/www.partitocomunista.ch\/index.php?rest_route=%2Fwp%2Fv2%2Fcategories&post=4540"},{"taxonomy":"post_tag","embeddable":true,"href":"https:\/\/www.partitocomunista.ch\/index.php?rest_route=%2Fwp%2Fv2%2Ftags&post=4540"}],"curies":[{"name":"wp","href":"https:\/\/api.w.org\/{rel}","templated":true}]}}