{"id":4062,"date":"2020-08-04T17:59:48","date_gmt":"2020-08-04T15:59:48","guid":{"rendered":"https:\/\/www.partitocomunista.ch\/?p=4062"},"modified":"2020-08-04T17:59:48","modified_gmt":"2020-08-04T15:59:48","slug":"bloccare-i-conti-svizzeri-di-juan-carlos-di-borbone","status":"publish","type":"post","link":"https:\/\/www.partitocomunista.ch\/?p=4062","title":{"rendered":"Bloccare i conti svizzeri di Juan Carlos di Borbone"},"content":{"rendered":"<p>L\u2019ex-capo di stato spagnolo, Juan Carlos di Borbone, ha informato di voler abbandonare il proprio Paese. Si tratta evidentemente di un modo per sfuggire alla giustizia spagnola di fronte alle sempre pi\u00f9 pesanti accuse di corruzione e riciclaggio di denaro che i comunisti spagnoli avevano invero gi\u00e0 segnalato alla Corte suprema nel 2018, ottenendo per\u00f2 in quell\u2019occasione un\u2019archiviazione in tempo record da parte dei giudici.<\/p>\n<p>La Svizzera \u00e8 indirettamente coinvolta in questa situazione poich\u00e9 nel nostro Paese sono depositati fondi appartenenti all\u2019imputato la cui provenienza illecita e criminosa \u00e8 alquanto verosimile. Non \u00e8 nel nostro interesse nazionale che l\u2019ex-monarca, delfino del dittatore fascista Francisco Franco, usi il nostro territorio per riciclare denaro sporco intascato tramite tangenti su cui anche la giustizia svizzera sta gi\u00e0 indagando.<\/p>\n<p>Il Partito Comunista invita il Consiglio federale a tornare sulla sua decisione negativa e, come richiesto da una ONG catalana nei mesi scorsi, di ordinare il congelamento di beni e conti bancari di Juan Carlos di Borbone e a dichiararlo \u201cpersona non grata\u201d nel caso in cui scegliesse in futuro di rifugiarsi nel nostro Paese.<\/p>\n<p>Esprimiamo infine la nostra solidariet\u00e0 alla mobilitazione prevista il prossimo 6 agosto ad Alicante a favore della Repubblica promossa, fra gli altri, dal Partito Comunista Spagnolo (PCE), dalla Sinistra Unita (IU) e dal Partito Comunista dei Popoli di Spagna (PCPE), il quale gi\u00e0 in giugno aveva chiesto per l\u2019ex-re la carcerazione preventiva per l\u2019elevato rischio di fuga&#8230;<\/p>\n<hr \/>\n<blockquote class=\"wp-embedded-content\" data-secret=\"9hUdVSYSsD\"><p><a href=\"https:\/\/www.sinistra.ch\/?p=9039\">Lo scandalo che fra tremare la monarchia spagnola riguarda pure la Svizzera<\/a><\/p><\/blockquote>\n<p><iframe loading=\"lazy\" class=\"wp-embedded-content\" sandbox=\"allow-scripts\" security=\"restricted\" style=\"position: absolute; clip: rect(1px, 1px, 1px, 1px);\" title=\"&#8220;Lo scandalo che fra tremare la monarchia spagnola riguarda pure la Svizzera&#8221; &#8212; Sinistra.ch\" src=\"https:\/\/www.sinistra.ch\/?p=9039&#038;embed=true#?secret=9hUdVSYSsD\" data-secret=\"9hUdVSYSsD\" width=\"600\" height=\"338\" frameborder=\"0\" marginwidth=\"0\" marginheight=\"0\" scrolling=\"no\"><\/iframe><\/p>\n","protected":false},"excerpt":{"rendered":"<p>L\u2019ex-capo di stato spagnolo, Juan Carlos di Borbone, ha informato di voler abbandonare il proprio Paese. Si tratta evidentemente di un modo per sfuggire alla giustizia spagnola di fronte alle sempre pi\u00f9 pesanti accuse di corruzione e riciclaggio di denaro che i comunisti spagnoli avevano invero gi\u00e0 segnalato alla Corte suprema nel 2018, ottenendo per\u00f2 [&hellip;]<\/p>\n","protected":false},"author":2,"featured_media":8707,"comment_status":"open","ping_status":"open","sticky":false,"template":"","format":"standard","meta":{"footnotes":""},"categories":[49,17],"tags":[],"class_list":{"0":"post-4062","1":"post","2":"type-post","3":"status-publish","4":"format-standard","5":"has-post-thumbnail","7":"category-europa","8":"category-internazionale"},"_links":{"self":[{"href":"https:\/\/www.partitocomunista.ch\/index.php?rest_route=\/wp\/v2\/posts\/4062","targetHints":{"allow":["GET"]}}],"collection":[{"href":"https:\/\/www.partitocomunista.ch\/index.php?rest_route=\/wp\/v2\/posts"}],"about":[{"href":"https:\/\/www.partitocomunista.ch\/index.php?rest_route=\/wp\/v2\/types\/post"}],"author":[{"embeddable":true,"href":"https:\/\/www.partitocomunista.ch\/index.php?rest_route=\/wp\/v2\/users\/2"}],"replies":[{"embeddable":true,"href":"https:\/\/www.partitocomunista.ch\/index.php?rest_route=%2Fwp%2Fv2%2Fcomments&post=4062"}],"version-history":[{"count":0,"href":"https:\/\/www.partitocomunista.ch\/index.php?rest_route=\/wp\/v2\/posts\/4062\/revisions"}],"wp:featuredmedia":[{"embeddable":true,"href":"https:\/\/www.partitocomunista.ch\/index.php?rest_route=\/wp\/v2\/media\/8707"}],"wp:attachment":[{"href":"https:\/\/www.partitocomunista.ch\/index.php?rest_route=%2Fwp%2Fv2%2Fmedia&parent=4062"}],"wp:term":[{"taxonomy":"category","embeddable":true,"href":"https:\/\/www.partitocomunista.ch\/index.php?rest_route=%2Fwp%2Fv2%2Fcategories&post=4062"},{"taxonomy":"post_tag","embeddable":true,"href":"https:\/\/www.partitocomunista.ch\/index.php?rest_route=%2Fwp%2Fv2%2Ftags&post=4062"}],"curies":[{"name":"wp","href":"https:\/\/api.w.org\/{rel}","templated":true}]}}