{"id":3686,"date":"2020-04-28T22:32:08","date_gmt":"2020-04-28T20:32:08","guid":{"rendered":"https:\/\/www.partitocomunista.ch\/?p=3686"},"modified":"2020-04-28T22:32:08","modified_gmt":"2020-04-28T20:32:08","slug":"giovani-comunisti-e-giovani-liberali-due-visioni-diverse-sul-diritto-allo-studio","status":"publish","type":"post","link":"https:\/\/www.partitocomunista.ch\/?p=3686","title":{"rendered":"Giovani comunisti e giovani liberali: due visioni diverse sul diritto allo studio"},"content":{"rendered":"<p>La Giovent\u00f9 Comunista (GC) ha preso atto della <a href=\"https:\/\/www.tio.ch\/ticino\/politica\/1434015\/decs-esami-glrt-maturita-sbrigativa-soluzione\">presa di posizione<\/a> dei Giovani Liberali (Radicali?) relativa alla decisione governativa di annullare gli esami di maturit\u00e0 orali. Secondo i GL(R), infatti, cos\u00ec facendo il DECS avrebbe \u201cpreferito la soluzione pi\u00f9 facile e sbrigativa\u201d. Sempre secondo loro, il DECS starebbe continuamente rincorrendo \u201cil problema all\u2019ultimo momento\u201d e non avrebbe sfruttato il sufficiente tempo a disposizione per prendere una \u201csoluzione organizzativa\u201d. La scelta migliore sarebbe, dunque, mantenere gli esami di maturit\u00e0 nonostante la situazione straordinaria.<\/p>\n<p>Tralasciando le critiche piuttosto sterili all\u2019operato governativo, dalle considerazioni dei Giovani Liberali sorge spontanea una domanda: non sono forse a conoscenza del fatto che le difficili condizioni di apprendimento dovute alla crisi sanitaria possono avere un effetto maggiormente negativo su quella fascia di studenti pi\u00f9 deboli e su quelli provenienti da famiglie meno abbienti? Mantenere gli esami di maturit\u00e0 in modo pressoch\u00e9 invariato rispetto al solito, come auspicato dai GL(R), risulterebbe dunque dannoso proprio per questi studenti, che rischierebbero di ritrovarsi bocciati soltanto perch\u00e9 provenienti da famiglie dove le condizioni di studio non sono ottimali. Se si considerano questi fatti, risulta evidente che, ancora una volta, il movimento giovanile del Partito Liberale abbia voluto ribadire la sua incredibile passione per la selezione sociale, vero e proprio cavallo di battaglia dei liberali. \u00c8 del resto sempre per motivi di selezione sociale ed economici che, in passato, i fautori delle politiche neoliberiste hanno tagliato i fondi destinati alla scuola e agli studenti e hanno favorito l\u2019introduzione del numerus clausus nelle facolt\u00e0 di medicina, portando per altro il nostro sistema sanitario ad essere dipendente dall\u2019estero.<\/p>\n<p>Come Giovent\u00f9 Comunista ci teniamo a sottolineare che l\u2019istruzione deve essere garantita a tutte e tutti e che l\u2019obiettivo della scuola \u00e8 quello di fornire alle nuove generazioni gli strumenti di pensiero critico per affrontare la societ\u00e0 e per favorire di conseguenza un migliore sviluppo del Paese, non \u00e8 certamente invece quello di selezionare gli studenti in base alle necessit\u00e0 del mercato per favorire una piccola \u00e9lite, come invece non nascondono di voler fare i Giovani Liberali.<\/p>\n<hr \/>\n<blockquote class=\"wp-embedded-content\" data-secret=\"nrZdoimIrC\"><p><a href=\"https:\/\/www.sisa-info.ch\/il-decs-annulla-gli-esami-orali-ora-tocca-al-consiglio-federale\/\">Il DECS annulla gli esami orali: ora tocca al Consiglio Federale!<\/a><\/p><\/blockquote>\n<p><iframe loading=\"lazy\" title=\"&#8220;Il DECS annulla gli esami orali: ora tocca al Consiglio Federale!&#8221; &#8212; SISA - Sindacato Indipendente Studenti e Apprendisti\" class=\"wp-embedded-content\" sandbox=\"allow-scripts\" security=\"restricted\" style=\"position: absolute; clip: rect(1px, 1px, 1px, 1px);\" src=\"https:\/\/www.sisa-info.ch\/il-decs-annulla-gli-esami-orali-ora-tocca-al-consiglio-federale\/embed\/#?secret=nrZdoimIrC\" data-secret=\"nrZdoimIrC\" width=\"600\" height=\"338\" frameborder=\"0\" marginwidth=\"0\" marginheight=\"0\" scrolling=\"no\"><\/iframe><\/p>\n","protected":false},"excerpt":{"rendered":"<p>La Giovent\u00f9 Comunista (GC) ha preso atto della presa di posizione dei Giovani Liberali (Radicali?) relativa alla decisione governativa di annullare gli esami di maturit\u00e0 orali. Secondo i GL(R), infatti, cos\u00ec facendo il DECS avrebbe \u201cpreferito la soluzione pi\u00f9 facile e sbrigativa\u201d. Sempre secondo loro, il DECS starebbe continuamente rincorrendo \u201cil problema all\u2019ultimo momento\u201d e [&hellip;]<\/p>\n","protected":false},"author":2,"featured_media":8707,"comment_status":"open","ping_status":"open","sticky":false,"template":"","format":"standard","meta":{"footnotes":""},"categories":[16],"tags":[],"class_list":{"0":"post-3686","1":"post","2":"type-post","3":"status-publish","4":"format-standard","5":"has-post-thumbnail","7":"category-gioventu-comunista"},"_links":{"self":[{"href":"https:\/\/www.partitocomunista.ch\/index.php?rest_route=\/wp\/v2\/posts\/3686","targetHints":{"allow":["GET"]}}],"collection":[{"href":"https:\/\/www.partitocomunista.ch\/index.php?rest_route=\/wp\/v2\/posts"}],"about":[{"href":"https:\/\/www.partitocomunista.ch\/index.php?rest_route=\/wp\/v2\/types\/post"}],"author":[{"embeddable":true,"href":"https:\/\/www.partitocomunista.ch\/index.php?rest_route=\/wp\/v2\/users\/2"}],"replies":[{"embeddable":true,"href":"https:\/\/www.partitocomunista.ch\/index.php?rest_route=%2Fwp%2Fv2%2Fcomments&post=3686"}],"version-history":[{"count":0,"href":"https:\/\/www.partitocomunista.ch\/index.php?rest_route=\/wp\/v2\/posts\/3686\/revisions"}],"wp:featuredmedia":[{"embeddable":true,"href":"https:\/\/www.partitocomunista.ch\/index.php?rest_route=\/wp\/v2\/media\/8707"}],"wp:attachment":[{"href":"https:\/\/www.partitocomunista.ch\/index.php?rest_route=%2Fwp%2Fv2%2Fmedia&parent=3686"}],"wp:term":[{"taxonomy":"category","embeddable":true,"href":"https:\/\/www.partitocomunista.ch\/index.php?rest_route=%2Fwp%2Fv2%2Fcategories&post=3686"},{"taxonomy":"post_tag","embeddable":true,"href":"https:\/\/www.partitocomunista.ch\/index.php?rest_route=%2Fwp%2Fv2%2Ftags&post=3686"}],"curies":[{"name":"wp","href":"https:\/\/api.w.org\/{rel}","templated":true}]}}