{"id":3644,"date":"2020-04-25T07:30:02","date_gmt":"2020-04-25T05:30:02","guid":{"rendered":"https:\/\/www.partitocomunista.ch\/?p=3644"},"modified":"2020-04-25T07:30:02","modified_gmt":"2020-04-25T05:30:02","slug":"75-anni-fa-avveniva-la-liberazione-ditalia-dal-nazifascismo","status":"publish","type":"post","link":"https:\/\/www.partitocomunista.ch\/?p=3644","title":{"rendered":"75 anni fa avveniva la liberazione d&#8217;Italia dal nazifascismo"},"content":{"rendered":"<p><em>Nell\u2019ambito della campagna &#8220;<strong><a href=\"https:\/\/frontepopolare.net\/2020\/04\/17\/25-aprile-2020-mai-cosi-uniti\/\" target=\"_blank\" rel=\"noopener noreferrer\" data-saferedirecturl=\"https:\/\/www.google.com\/url?q=https:\/\/frontepopolare.net\/2020\/04\/17\/25-aprile-2020-mai-cosi-uniti\/&amp;source=gmail&amp;ust=1587493509016000&amp;usg=AFQjCNERpNc-vpuo9mFCuMWh6FeFYHmKMw\">25 Aprile 2020 \u2013 Mai cos\u00ec uniti<\/a><\/strong>&#8221; promossa da Fronte Popolare (Italia) il compagno Edoardo Cappelletti, membro della Direzione del nostro Partito, ha inviato un messaggio di auguri per il <strong>75\u00b0 della Liberazione d&#8217;Italia.<\/strong><\/em><\/p>\n<hr \/>\n<p>Care compagne e cari compagni,<\/p>\n<p>a nome del Partito Comunista (Svizzera), giungano i nostri pi\u00f9 fraterni omaggi in occasione del 25 Aprile. Una ricorrenza che non soltanto commemora l&#8217;eroica Liberazione dell&#8217;Italia dal fascismo e dall&#8217;occupazione tedesca, ma rappresenta ancora oggi un fulgido esempio di lotta per la conquista dell&#8217;indipendenza nazionale e di forme pi\u00f9 avanzate di democrazia.<\/p>\n<p>In questo periodo di emergenza sanitaria, la quale sta mettendo a dura prova i popoli di molti paesi e lo stesso paradigma di sviluppo neoliberista, non possiamo infatti che ricordare con vivo interesse una delle pi\u00f9 significative cristalizzazioni della Resistenza italiana: quella sudata Costituzione che, proprio grazie ai comunisti, \u00e8 stata permeata dai valori, ora quanto mai attuali, di solidariet\u00e0 e uguaglianza sociale.<\/p>\n<p>Un&#8217;eredit\u00e0 antifascista che in questa fase possiamo declinare nel rafforzamento delle istituzioni democratiche, e questo nell&#8217;ottica di contrastare un&#8217;involuzione autoritaria della societ\u00e0, nonch\u00e9 lo strapotere delle logiche di mercato. Logiche secondo le quali, ad esempio, l&#8217;interesse alla continuazione delle attivit\u00e0 economiche dovrebbe prevalere su quello della salute pubblica. Una tematica che, nelle sue diverse implicazioni, si trova oltretutto oggetto di una riflessione all&#8217;interno di un apposito gruppo di lavoro del nostro Partito.<\/p>\n<p>Un&#8217;eredit\u00e0 antifascista che inoltre veicola la centralit\u00e0 di uno Stato capace d&#8217;indirizzare e coordinare a fini sociali l&#8217;assetto economico nazionale. Una parola d&#8217;ordine, questa, che dovr\u00e0 comprovare la sua necessit\u00e0 soprattutto nel discorso della futura ricostruzione del paese. Non a caso, \u00e8 da settimane che il nostro Partito si trova impegnato proprio nell&#8217;elaborazione di una piattaforma di rilancio economico che, attraverso una serie di misure strutturali, intende delineare uno sbocco progressivo alla crisi in corso.<\/p>\n<p>Compagne e compagni, nella lotta contro il coronavirus non possiamo dire, tuttavia, di trovarci da soli. Contrariamente all&#8217;immobilismo e allo sciacallaggio palesati dall&#8217;Unione Europea, grazie all&#8217;aiuto fornito dai paesi socialisti come Cuba e Cina, abbiamo assistito infatti a una dimostrazione esemplare di solidariet\u00e0 internazionale. Un dato che avvalora, ancora una volta, la priorit\u00e0 di costruire un mondo multipolare, improntato sulla cooperazione tra nazioni sovrane.<\/p>\n<p>Con questo messaggio rendiamo insomma omaggio al 25 Aprile, la cui valenza rimane intatta nonostante il tempo, esprimendo alla vostra organizzazione i migliori auguri di buon lavoro e al popolo italiano la nostra massima solidariet\u00e0 in questo momento travagliato.<\/p>\n<p>Siamo certi che anche in quest&#8217;occasione, l&#8217;apporto dei comunisti alla ricostruzione economica e sociale sapr\u00e0 rivelarsi senza dubbio prezioso, vitale e insostituibile!<\/p>\n","protected":false},"excerpt":{"rendered":"<p>Nell\u2019ambito della campagna &#8220;25 Aprile 2020 \u2013 Mai cos\u00ec uniti&#8221; promossa da Fronte Popolare (Italia) il compagno Edoardo Cappelletti, membro della Direzione del nostro Partito, ha inviato un messaggio di auguri per il 75\u00b0 della Liberazione d&#8217;Italia. Care compagne e cari compagni, a nome del Partito Comunista (Svizzera), giungano i nostri pi\u00f9 fraterni omaggi in [&hellip;]<\/p>\n","protected":false},"author":2,"featured_media":8707,"comment_status":"open","ping_status":"open","sticky":false,"template":"","format":"video","meta":{"footnotes":""},"categories":[49,17],"tags":[],"class_list":{"0":"post-3644","1":"post","2":"type-post","3":"status-publish","4":"format-video","5":"has-post-thumbnail","7":"category-europa","8":"category-internazionale","9":"post_format-post-format-video"},"_links":{"self":[{"href":"https:\/\/www.partitocomunista.ch\/index.php?rest_route=\/wp\/v2\/posts\/3644","targetHints":{"allow":["GET"]}}],"collection":[{"href":"https:\/\/www.partitocomunista.ch\/index.php?rest_route=\/wp\/v2\/posts"}],"about":[{"href":"https:\/\/www.partitocomunista.ch\/index.php?rest_route=\/wp\/v2\/types\/post"}],"author":[{"embeddable":true,"href":"https:\/\/www.partitocomunista.ch\/index.php?rest_route=\/wp\/v2\/users\/2"}],"replies":[{"embeddable":true,"href":"https:\/\/www.partitocomunista.ch\/index.php?rest_route=%2Fwp%2Fv2%2Fcomments&post=3644"}],"version-history":[{"count":0,"href":"https:\/\/www.partitocomunista.ch\/index.php?rest_route=\/wp\/v2\/posts\/3644\/revisions"}],"wp:featuredmedia":[{"embeddable":true,"href":"https:\/\/www.partitocomunista.ch\/index.php?rest_route=\/wp\/v2\/media\/8707"}],"wp:attachment":[{"href":"https:\/\/www.partitocomunista.ch\/index.php?rest_route=%2Fwp%2Fv2%2Fmedia&parent=3644"}],"wp:term":[{"taxonomy":"category","embeddable":true,"href":"https:\/\/www.partitocomunista.ch\/index.php?rest_route=%2Fwp%2Fv2%2Fcategories&post=3644"},{"taxonomy":"post_tag","embeddable":true,"href":"https:\/\/www.partitocomunista.ch\/index.php?rest_route=%2Fwp%2Fv2%2Ftags&post=3644"}],"curies":[{"name":"wp","href":"https:\/\/api.w.org\/{rel}","templated":true}]}}