{"id":3395,"date":"2020-02-05T07:30:53","date_gmt":"2020-02-05T06:30:53","guid":{"rendered":"https:\/\/www.partitocomunista.ch\/?p=3395"},"modified":"2020-02-05T07:30:53","modified_gmt":"2020-02-05T06:30:53","slug":"bellinzona-ci-vorrebbe-un-educatore-anche-per-il-plr","status":"publish","type":"post","link":"https:\/\/www.partitocomunista.ch\/?p=3395","title":{"rendered":"Ci vorrebbe un educatore anche per il PLR di Bellinzona!"},"content":{"rendered":"<div>\n<p>La sezione bellinzonese del Partito Comunista (PC) ha appreso con stupore della giravolta elettorale del PLR in merito alla necessit\u00e0 di introdurre un \u00abeducatore di strada (di prossimit\u00e0)\u00bb del comune di Bellinzona. Va ricordato che nel 2009 l\u2019esecutivo della turrita aveva respinto una mozione dettagliata dell\u2019allora consigliere comunale socialista Francesco Lombardo che proponeva l\u2019introduzione di un \u201coperatore sociale (di prossimit\u00e0)\u201d.<\/p>\n<p>Se il PC all\u2019epoca aveva sostenuto la mozione, con il suo consigliere comunale <strong>Massimiliano Ay<\/strong> che era stato relatore di minoranza della commissione della legislazione a favore della sua introduzione, i liberali, assieme alla Lega e a parte del PPD si erano schierati contro l\u2019introduzione dell\u2019operatore. Con le parole del rapporto di maggioranza \u201cBellinzona non pu\u00f2 farsi carico di oneri e funzioni che non le competono n\u00e9 la riguardano direttamente\u201d. Ovvero: non \u00e8 necessario che Bellinzona si prenda cura dei propri giovani e, pi\u00f9 in generale, della propria cittadinanza che vive una situazione di difficolt\u00e0.<\/p>\n<p>Come spiegare la giravolta del PLR? Anticipiamo gli argomenti: c\u2019\u00e8 stata l\u2019aggregazione e oggi ci sono pi\u00f9 disponibilit\u00e0 economiche, il disagio sociale \u00e8 aumentato (memorabile la sequela di problematiche da bronx esposte all\u2019inizio della premessa alla mozione, che si dimentica per\u00f2 di citare il disagio socioeconomico della popolazione promosso a pi\u00e8 sospinto proprio dai partiti borghesi) e, soprattutto, sotto elezioni i \u201cnon\u201d evaporano, e quindi ora \u201cBellinzona pu\u00f2 farsi carico di oneri e funzioni che le competono (e) la riguardano direttamente\u201d.<\/p>\n<p>La mozione del PLR, inoltre, sembra non avere per nulla in chiaro cosa faccia un operatore sociale di prossimit\u00e0 e, soprattutto, come lavori. La prima regola per un educatore di strada \u00e8 che non si lavora mai da soli, ma che gli interventi sono sempre da effettuare almeno in coppia. La nuova Bellinzona \u00e8 un comune con oltre 43&#8217;000 abitanti: pensare che un operatore solo possa occuparsi di \u201cprevenire il disagio sociale [\u2026]\u201d; \u201cmonitorare il territorio e raccogliere elementi utili sui bisogni giovanili e sui comportamenti a rischio [\u2026] per sensibilizzarli ed indirizzarli ad un sano stile di vita\u201d; e \u201c[\u2026] raggiungere quelle \u201czone grigie\u201d che i Servizi [\u2026] non riescono a raggiungere o monitorare costantemente\u201d, vuol dire non avere in chiaro cosa fa un operatore sociale e non aver mai parlato con un educatore di strada o con chi coordina questo tipo di servizi.<\/p>\n<p>Cosa che il PC invece ha fatto. Infatti, per presidiare il territorio e occuparsi della promozione del benessere dei cittadini di tutto il tessuto sociale (i giovani non sono un gruppo sociale isolato) \u00e8 necessario che il Comune di Bellinzona non assuma un educatore di strada \u2013 che con le mansioni previste dal PLR rischierebbe il burn-out in breve tempo o di non poter operare in conformit\u00e0 al suo mandato professionale per carenza di risorse \u2013, bens\u00ec almeno quattro educatori di strada (due coppie) e un coordinatore che si occupi di sviluppare la politica di intervento e che supervisioni il lavoro.<\/p>\n<p>A queste proposte affastellate per la campagna elettorale il PC, assieme all\u2019Unit\u00e0 di Sinistra, preferisce un lavoro serio e un\u2019opposizione propositiva, portata avanti nel legislativo uscente proprio dal suo consigliere comunale <strong>Alessandro Lucchini<\/strong>, che nella discussione sull&#8217;ultimo preventivo aveva criticato la politica sociale della citt\u00e0 come insufficiente, citando proprio la necessit\u00e0 dell&#8217;introduzione della figura dell\u2019operatore di prossimit\u00e0.<\/p>\n<\/div>\n","protected":false},"excerpt":{"rendered":"<p>La sezione bellinzonese del Partito Comunista (PC) ha appreso con stupore della giravolta elettorale del PLR in merito alla necessit\u00e0 di introdurre un \u00abeducatore di strada (di prossimit\u00e0)\u00bb del comune di Bellinzona. Va ricordato che nel 2009 l\u2019esecutivo della turrita aveva respinto una mozione dettagliata dell\u2019allora consigliere comunale socialista Francesco Lombardo che proponeva l\u2019introduzione di [&hellip;]<\/p>\n","protected":false},"author":2,"featured_media":8707,"comment_status":"open","ping_status":"open","sticky":false,"template":"","format":"standard","meta":{"footnotes":""},"categories":[4,23],"tags":[],"class_list":{"0":"post-3395","1":"post","2":"type-post","3":"status-publish","4":"format-standard","5":"has-post-thumbnail","7":"category-attualita","8":"category-sanita-e-socialita"},"_links":{"self":[{"href":"https:\/\/www.partitocomunista.ch\/index.php?rest_route=\/wp\/v2\/posts\/3395","targetHints":{"allow":["GET"]}}],"collection":[{"href":"https:\/\/www.partitocomunista.ch\/index.php?rest_route=\/wp\/v2\/posts"}],"about":[{"href":"https:\/\/www.partitocomunista.ch\/index.php?rest_route=\/wp\/v2\/types\/post"}],"author":[{"embeddable":true,"href":"https:\/\/www.partitocomunista.ch\/index.php?rest_route=\/wp\/v2\/users\/2"}],"replies":[{"embeddable":true,"href":"https:\/\/www.partitocomunista.ch\/index.php?rest_route=%2Fwp%2Fv2%2Fcomments&post=3395"}],"version-history":[{"count":0,"href":"https:\/\/www.partitocomunista.ch\/index.php?rest_route=\/wp\/v2\/posts\/3395\/revisions"}],"wp:featuredmedia":[{"embeddable":true,"href":"https:\/\/www.partitocomunista.ch\/index.php?rest_route=\/wp\/v2\/media\/8707"}],"wp:attachment":[{"href":"https:\/\/www.partitocomunista.ch\/index.php?rest_route=%2Fwp%2Fv2%2Fmedia&parent=3395"}],"wp:term":[{"taxonomy":"category","embeddable":true,"href":"https:\/\/www.partitocomunista.ch\/index.php?rest_route=%2Fwp%2Fv2%2Fcategories&post=3395"},{"taxonomy":"post_tag","embeddable":true,"href":"https:\/\/www.partitocomunista.ch\/index.php?rest_route=%2Fwp%2Fv2%2Ftags&post=3395"}],"curies":[{"name":"wp","href":"https:\/\/api.w.org\/{rel}","templated":true}]}}