{"id":3362,"date":"2020-01-27T20:41:18","date_gmt":"2020-01-27T19:41:18","guid":{"rendered":"https:\/\/www.partitocomunista.ch\/?p=3362"},"modified":"2020-01-27T20:41:18","modified_gmt":"2020-01-27T19:41:18","slug":"vietare-le-discriminazioni-contro-i-lavoratori-lgbt","status":"publish","type":"post","link":"https:\/\/www.partitocomunista.ch\/?p=3362","title":{"rendered":"Vietare le discriminazioni contro i lavoratori LGBT"},"content":{"rendered":"<p>Attualmente in Svizzera la legge vieta le discriminazioni razziali: il prossimo 9 febbraio il popolo svizzero \u00e8 chiamato a votare la proposta di rafforzare l\u2019art. 261bis del Codice Penale, estendendone l\u2019applicazione al fine di sanzionare anche le discriminazioni basate sull\u2019orientamento sessuale.<\/p>\n<p>Il Partito Comunista ha discusso intensamente in seno al suo Comitato Centrale questa estensione della legge anti-razzismo. Non \u00e8 stata una decisione veloce, come forse si potrebbe pensare a sinistra: abbiamo ponderato infatti anche gli argomenti del comitato \u201c<a href=\"https:\/\/sonderrecht-nein.ch\/\">Sonderrechte NEIN<\/a>\u201d fondato da persone LGBT di destra, contrarie alla nuova norma in quanto ostili a creare leggi \u201cspeciali\u201d solo per alcune minoranze. Dopo aver approfondito la questione, per\u00f2, all\u2019unanimit\u00e0, abbiamo ritenuto preponderante contrastare odio e discriminazioni e quindi di votare a favore della riforma.<\/p>\n<p>Non nascondiamo le perplessit\u00e0 sull\u2019art. 261bis del Codice penale che in passato ha pure fatto prova di una certa ambiguit\u00e0 interpretativa, tanto che persino la Corte Europea dei Diritti Umani (<a href=\"https:\/\/www.admin.ch\/gov\/it\/start\/dokumentation\/medienmitteilungen.msg-id-59105.html\">CEDU<\/a>) \u00e8 dovuta intervenire contro la Svizzera a tutela della libert\u00e0 di ricerca storica e di espressione verso persone accusate ingiustamente di \u201crazzismo\u201d in relazione alle proprie valutazioni sui genocidi.<\/p>\n<p>Tuttavia la nuova norma \u00e8 molto chiara: essa non limiter\u00e0 la libert\u00e0 di discussione e di espressione sui diritti civili e su temi controversi di carattere etico, ma sar\u00e0 mirata a tutelare i lavoratori e le lavoratrici che ancora oggi subiscono vessazioni pubbliche per il loro orientamento sessuale e sanzioner\u00e0 esclusivamente quei comportamenti che discriminano una persona omosessuale o bisessuale. Il Partito Comunista ribadisce quindi il proprio invito a sostenere la modifica del Codice Penale.<\/p>\n<p><span style=\"text-decoration: underline;\">Maggiori informazioni:<\/span> <a href=\"http:\/\/www.combatti-odio.ch\/\">http:\/\/www.combatti-odio.ch\/<\/a><\/p>\n","protected":false},"excerpt":{"rendered":"<p>Attualmente in Svizzera la legge vieta le discriminazioni razziali: il prossimo 9 febbraio il popolo svizzero \u00e8 chiamato a votare la proposta di rafforzare l\u2019art. 261bis del Codice Penale, estendendone l\u2019applicazione al fine di sanzionare anche le discriminazioni basate sull\u2019orientamento sessuale. Il Partito Comunista ha discusso intensamente in seno al suo Comitato Centrale questa estensione [&hellip;]<\/p>\n","protected":false},"author":2,"featured_media":8707,"comment_status":"open","ping_status":"open","sticky":false,"template":"","format":"standard","meta":{"footnotes":""},"categories":[18,29],"tags":[],"class_list":{"0":"post-3362","1":"post","2":"type-post","3":"status-publish","4":"format-standard","5":"has-post-thumbnail","7":"category-istituzioni","8":"category-votazioni-popolari"},"_links":{"self":[{"href":"https:\/\/www.partitocomunista.ch\/index.php?rest_route=\/wp\/v2\/posts\/3362","targetHints":{"allow":["GET"]}}],"collection":[{"href":"https:\/\/www.partitocomunista.ch\/index.php?rest_route=\/wp\/v2\/posts"}],"about":[{"href":"https:\/\/www.partitocomunista.ch\/index.php?rest_route=\/wp\/v2\/types\/post"}],"author":[{"embeddable":true,"href":"https:\/\/www.partitocomunista.ch\/index.php?rest_route=\/wp\/v2\/users\/2"}],"replies":[{"embeddable":true,"href":"https:\/\/www.partitocomunista.ch\/index.php?rest_route=%2Fwp%2Fv2%2Fcomments&post=3362"}],"version-history":[{"count":0,"href":"https:\/\/www.partitocomunista.ch\/index.php?rest_route=\/wp\/v2\/posts\/3362\/revisions"}],"wp:featuredmedia":[{"embeddable":true,"href":"https:\/\/www.partitocomunista.ch\/index.php?rest_route=\/wp\/v2\/media\/8707"}],"wp:attachment":[{"href":"https:\/\/www.partitocomunista.ch\/index.php?rest_route=%2Fwp%2Fv2%2Fmedia&parent=3362"}],"wp:term":[{"taxonomy":"category","embeddable":true,"href":"https:\/\/www.partitocomunista.ch\/index.php?rest_route=%2Fwp%2Fv2%2Fcategories&post=3362"},{"taxonomy":"post_tag","embeddable":true,"href":"https:\/\/www.partitocomunista.ch\/index.php?rest_route=%2Fwp%2Fv2%2Ftags&post=3362"}],"curies":[{"name":"wp","href":"https:\/\/api.w.org\/{rel}","templated":true}]}}