{"id":3226,"date":"2019-12-16T12:48:13","date_gmt":"2019-12-16T11:48:13","guid":{"rendered":"https:\/\/www.partitocomunista.ch\/?p=3226"},"modified":"2019-12-16T12:48:13","modified_gmt":"2019-12-16T11:48:13","slug":"assemblea-e-riunione-bilaterale-con-il-partito-comunista-italiano","status":"publish","type":"post","link":"https:\/\/www.partitocomunista.ch\/?p=3226","title":{"rendered":"Assemblea e riunione bilaterale con il Partito Comunista Italiano"},"content":{"rendered":"<p>Nella mattinata di domenica 15 dicembre, presso la Cooperativa Belforte di Varese, si \u00e8 svolta un&#8217;Assemblea della Federazione di Varese del Partito Comunista Italiano (PCI), la quale, partendo dalla recente risoluzione anti-comunista del parlamento europeo, \u00e8 arrivata ad analizzare il contesto politico attuale e ad affrontare l&#8217;attualit\u00e0 locale. All&#8217;assemblea erano presenti anche esponenti locali del sindacato CGIL, dell&#8217;Associazione Nazionale Partigiani d&#8217;Italia (ANPI) e del Partito della Rifondazione Comunista (PRC).\u00a0Ospite internazionale all&#8217;evento era il compagno <strong>Martino Marconi<\/strong>, nostro consigliere comunale a Morbio Inferiore, che ha portato i saluti dei comunisti svizzeri ricordando il prossimo appuntamento con le elezioni comunali ticinesi ad aprile e auspicando un aumento degli scambi fra comunisti italiani e svizzeri sulla fascia di confine. A Varese, oltre al segretario provinciale del PCI <strong>Cosimo Cerardi<\/strong>,ha tenuto una relazione politica anche il compagno <strong>Mauro Alboresi<\/strong>, segretario nazionale del PCI.<\/p>\n<p>Nel pomeriggio, poi, presso la sala della Societ\u00e0 Edificatrice Abitazioni Operaie di Milano si \u00e8 svolto una riunione bilaterale di vertice fra i due Partiti. Il compagno Alboresi, segretario nazionale del PCI, si \u00e8 incontrato formalmente con i compagni <strong>Massimiliano Ay<\/strong>, segretario politico del nostro Partito, <strong>Alessandro Lucchini<\/strong>, vice-segretario politico e\u00a0<strong>Davide Rossi<\/strong>, presidente della Commissione di controllo.<\/p>\n<p>La riunione fra i due segretari ha sancito la pi\u00f9 ampia convergenza di valutazione non solo sulla prassi del tipo di approccio, concreto e realista, con cui i comunisti europei devono intervenire nell&#8217;attualit\u00e0 dei rispettivi paesi, ma anche nell&#8217;analisi della\u00a0situazione geopolitica globale, in modo particolare si condivide una linea di opposizione all&#8217;Unione Europea e alla NATO che, se per l&#8217;Italia significa tematizzarne l&#8217;uscita, per la Svizzera passa dalla revisione totale degli accordi bilaterali e dei partenariati militari. I due partiti ambiscono a una innovazione dell&#8217;approccio internazionalista e accanto alla necessit\u00e0 di\u00a0un confronto regolare su temi di portata internazionale e di interesse italo-svizzero fra le due organizzazioni, prender\u00e0 forma presto una collaborazione pi\u00f9 intensa sul piano della cooperazione con i paesi socialisti ed emergenti.<\/p>\n<p><a href=\"https:\/\/new.partitocomunista.ch\/?attachment_id=3229\" rel=\"attachment wp-att-3229\"><img loading=\"lazy\" decoding=\"async\" class=\"alignleft size-large wp-image-3229\" src=\"https:\/\/new.partitocomunista.ch\/wp-content\/uploads\/2019\/12\/IMG_1367-1024x768.jpg\" alt=\"\" width=\"696\" height=\"522\" \/><\/a><\/p>\n","protected":false},"excerpt":{"rendered":"<p>Nella mattinata di domenica 15 dicembre, presso la Cooperativa Belforte di Varese, si \u00e8 svolta un&#8217;Assemblea della Federazione di Varese del Partito Comunista Italiano (PCI), la quale, partendo dalla recente risoluzione anti-comunista del parlamento europeo, \u00e8 arrivata ad analizzare il contesto politico attuale e ad affrontare l&#8217;attualit\u00e0 locale. All&#8217;assemblea erano presenti anche esponenti locali del [&hellip;]<\/p>\n","protected":false},"author":2,"featured_media":8707,"comment_status":"open","ping_status":"open","sticky":false,"template":"","format":"standard","meta":{"footnotes":""},"categories":[49,17],"tags":[],"class_list":{"0":"post-3226","1":"post","2":"type-post","3":"status-publish","4":"format-standard","5":"has-post-thumbnail","7":"category-europa","8":"category-internazionale"},"_links":{"self":[{"href":"https:\/\/www.partitocomunista.ch\/index.php?rest_route=\/wp\/v2\/posts\/3226","targetHints":{"allow":["GET"]}}],"collection":[{"href":"https:\/\/www.partitocomunista.ch\/index.php?rest_route=\/wp\/v2\/posts"}],"about":[{"href":"https:\/\/www.partitocomunista.ch\/index.php?rest_route=\/wp\/v2\/types\/post"}],"author":[{"embeddable":true,"href":"https:\/\/www.partitocomunista.ch\/index.php?rest_route=\/wp\/v2\/users\/2"}],"replies":[{"embeddable":true,"href":"https:\/\/www.partitocomunista.ch\/index.php?rest_route=%2Fwp%2Fv2%2Fcomments&post=3226"}],"version-history":[{"count":0,"href":"https:\/\/www.partitocomunista.ch\/index.php?rest_route=\/wp\/v2\/posts\/3226\/revisions"}],"wp:featuredmedia":[{"embeddable":true,"href":"https:\/\/www.partitocomunista.ch\/index.php?rest_route=\/wp\/v2\/media\/8707"}],"wp:attachment":[{"href":"https:\/\/www.partitocomunista.ch\/index.php?rest_route=%2Fwp%2Fv2%2Fmedia&parent=3226"}],"wp:term":[{"taxonomy":"category","embeddable":true,"href":"https:\/\/www.partitocomunista.ch\/index.php?rest_route=%2Fwp%2Fv2%2Fcategories&post=3226"},{"taxonomy":"post_tag","embeddable":true,"href":"https:\/\/www.partitocomunista.ch\/index.php?rest_route=%2Fwp%2Fv2%2Ftags&post=3226"}],"curies":[{"name":"wp","href":"https:\/\/api.w.org\/{rel}","templated":true}]}}