{"id":3167,"date":"2019-11-21T19:20:03","date_gmt":"2019-11-21T18:20:03","guid":{"rendered":"https:\/\/www.partitocomunista.ch\/?p=3167"},"modified":"2019-11-21T19:20:03","modified_gmt":"2019-11-21T18:20:03","slug":"importante-riunione-bilaterale-con-il-partito-comunista-portoghese","status":"publish","type":"post","link":"https:\/\/www.partitocomunista.ch\/?p=3167","title":{"rendered":"Importante riunione bilaterale con il Partito Comunista Portoghese"},"content":{"rendered":"<p>Lo scorso mese di settembre si \u00e8 svolta un\u2019importante riunione bilaterale nei pressi di Lisbona fra il nostro Partito &#8211; rappresentato dal segretario politico, compagno <strong>Massimiliano Ay <\/strong>&#8211;\u00a0con il Partito Comunista Portoghese (PCP) &#8211; rappresentato dal compagno <strong>Jorge Cordeiro<\/strong>, membro della Commissione politica e del Segretariato del Comitato Centrale.<\/p>\n<p>Il bilaterale ha sancito una stima reciproca e la volont\u00e0 di continuare una forma di aggiornamento continuo delle rispettive attivit\u00e0 e posizioni. In particolare abbiamo concordato nel fatto che le relazioni fra partiti debba avvenire senza interferire nel dibattito interno di ciascuna realt\u00e0 e rinunciando a ogni ricerca di una presunta \u201cpurezza\u201d rivoluzionaria.<\/p>\n<p>Siamo stati resi edotti della valutazione che il PCP fa della situazione portoghese e delle relazioni non sempre facili con una socialdemocrazia, che pure in Portogallo risulta sottomessa all\u2019Unione Europea. Discutendo sui limiti della socialdemocrazia \u00e8 emerso come in Portogallo vi sia stato da parte di quest\u2019ultima un sostegno alle banche private e un\u2019azione troppo debole sul fronte del precariato. Nel contempo la scelta del PCP nella scorsa legislatura di sostenere esternamente il governo socialista, di fatto ponendo dei vincoli a quest\u2019ultimo, ha fortemente infastidito la borghesia portoghese che non a caso ha iniziato una pesante campagna di calunnia contro i comunisti.<\/p>\n<p>Il compagno Cordeiro ha spiegato ad Ay come, in questo contesto, il PCP sia passato dall\u2019essere un \u201cpartito di protesta\u201d all\u2019essere un \u201cpartito necessario\u201d capace di fornire risposte concrete ai bisogni del Paese secondo i principi della politica patriottica e di sinistra. La capacit\u00e0 dei comunisti portoghesi di incidere nella realt\u00e0 imponendo al PS di sospendere alcuni processi di privatizzazione e di frenare la deregolamentazione dei diritti dei lavoratori, cos\u00ec come la credibilit\u00e0 che il PCP dispone nel Paese (anche se non sempre ci\u00f2 si traduce in voti) \u00e8 fonte di preoccupazione per il grande capitale.<\/p>\n<p>Visto che l\u2019incontro avveniva poco prima delle elezioni politiche portoghesi, che vedevano \u2013 come ormai prassi da decenni \u2013 il PCP correre unitamente i Verdi nella Coalizione Democratica Unitaria (CDU) abbiamo subito notato come lo scenario avesse delle similitudini con quello che stavamo percorrendo noi in Svizzera. Ne abbiamo quindi approfittato per discutere di come concepire questo genere di alleanze con gli ambienti ecologisti.<\/p>\n<p>Il nostro Segretario politico ha in seguito partecipato a un\u2019assemblea interna con altri dirigenti comunisti provenienti da tutto il mondo ospiti del Segretario generale del PCP\u00a0<b>Jer\u00f3nimo de Sousa<\/b>, il quale ha voluto rimarcare alcuni aspetti che riteniamo, oltre che condivisibile, pure di notevole rilevanza strategica:<\/p>\n<ol>\n<li>la constatazione (per nulla banale di fronte a un certo riformismo europeista) che l\u2019Unione Europea \u00e8 <span style=\"text-decoration: underline;\">complice<\/span> degli Stati Uniti nella sua prassi imperialista;<\/li>\n<li>la consapevolezza che la priorit\u00e0 attuale per i comunisti sul piano internazionale \u00e8 l\u2019unit\u00e0 delle forze della <span style=\"text-decoration: underline;\">pace<\/span>, ossia riunire chiunque operi contro le spinte belliciste dell\u2019imperialismo (che non \u00e8 infallibile!)<\/li>\n<li>la coscienza del fatto che la <span style=\"text-decoration: underline;\">sovranit\u00e0 nazionale<\/span> \u00e8 legata al progresso sociale e che patriottismo e internazionalismo viaggiano di pari passo.<\/li>\n<\/ol>\n","protected":false},"excerpt":{"rendered":"<p>Lo scorso mese di settembre si \u00e8 svolta un\u2019importante riunione bilaterale nei pressi di Lisbona fra il nostro Partito &#8211; rappresentato dal segretario politico, compagno Massimiliano Ay &#8211;\u00a0con il Partito Comunista Portoghese (PCP) &#8211; rappresentato dal compagno Jorge Cordeiro, membro della Commissione politica e del Segretariato del Comitato Centrale. Il bilaterale ha sancito una stima [&hellip;]<\/p>\n","protected":false},"author":2,"featured_media":8707,"comment_status":"open","ping_status":"open","sticky":false,"template":"","format":"standard","meta":{"footnotes":""},"categories":[49,17],"tags":[],"class_list":{"0":"post-3167","1":"post","2":"type-post","3":"status-publish","4":"format-standard","5":"has-post-thumbnail","7":"category-europa","8":"category-internazionale"},"_links":{"self":[{"href":"https:\/\/www.partitocomunista.ch\/index.php?rest_route=\/wp\/v2\/posts\/3167","targetHints":{"allow":["GET"]}}],"collection":[{"href":"https:\/\/www.partitocomunista.ch\/index.php?rest_route=\/wp\/v2\/posts"}],"about":[{"href":"https:\/\/www.partitocomunista.ch\/index.php?rest_route=\/wp\/v2\/types\/post"}],"author":[{"embeddable":true,"href":"https:\/\/www.partitocomunista.ch\/index.php?rest_route=\/wp\/v2\/users\/2"}],"replies":[{"embeddable":true,"href":"https:\/\/www.partitocomunista.ch\/index.php?rest_route=%2Fwp%2Fv2%2Fcomments&post=3167"}],"version-history":[{"count":0,"href":"https:\/\/www.partitocomunista.ch\/index.php?rest_route=\/wp\/v2\/posts\/3167\/revisions"}],"wp:featuredmedia":[{"embeddable":true,"href":"https:\/\/www.partitocomunista.ch\/index.php?rest_route=\/wp\/v2\/media\/8707"}],"wp:attachment":[{"href":"https:\/\/www.partitocomunista.ch\/index.php?rest_route=%2Fwp%2Fv2%2Fmedia&parent=3167"}],"wp:term":[{"taxonomy":"category","embeddable":true,"href":"https:\/\/www.partitocomunista.ch\/index.php?rest_route=%2Fwp%2Fv2%2Fcategories&post=3167"},{"taxonomy":"post_tag","embeddable":true,"href":"https:\/\/www.partitocomunista.ch\/index.php?rest_route=%2Fwp%2Fv2%2Ftags&post=3167"}],"curies":[{"name":"wp","href":"https:\/\/api.w.org\/{rel}","templated":true}]}}