{"id":3112,"date":"2019-11-04T00:51:07","date_gmt":"2019-11-03T23:51:07","guid":{"rendered":"https:\/\/www.partitocomunista.ch\/?p=3112"},"modified":"2019-11-04T00:51:07","modified_gmt":"2019-11-03T23:51:07","slug":"seminario-di-studio-a-berlino-con-la-kpd","status":"publish","type":"post","link":"https:\/\/www.partitocomunista.ch\/?p=3112","title":{"rendered":"Seminario di studio a Berlino con la KPD"},"content":{"rendered":"<p class=\"p1\">Si \u00e8 svolto a Berlino nelle scorse settimane un incontro fra i compagni <strong>Samuel Iembo<\/strong> e <strong>Daniela Falconi<\/strong>, in rappresenzanza del nostro Partito con il compagno <strong>Torsten Sch\u00f6witz<\/strong>, presidente del Partito Comunista di Germania (KPD), nell\u2019ambito di un Seminario internazionale di studio sulla storia della ex-DDR, la repubblica socialista che dal 1949 al 1990 riuniva i L\u00e4nder di Meclemburgo-Pomerania anteriore, Brandenburgo, Sassonia, Sassonia-Anhalt, Turingia e il settore di Berlino liberato dai sovietici. L&#8217;occasione corrispondeva con il 70\u00b0 anniversario della fondazione della DDR e con il 30\u00b0 anniversario della caduta del Muro di Berlino.<\/p>\n<p class=\"p1\">La KPD ha una storia molto particolare perch\u00e9 (ri)nasce nella sua forma attuale sul territorio della allora DDR, ma solo nel 1990, quando cio\u00e8 la DDR non era gi\u00e0 pi\u00f9 un paese socialista e poco prima che venisse definitivamente sciolta e annessa alla Germania Federale. In questo modo, basandosi sulle leggi dell&#8217;Est, il Partito ha evitato la chiusura: infatti, secondo le leggi occidentali, la KPD fondata da <strong>Rosa Luxembourg<\/strong> e <strong>Karl Liebknecht<\/strong> (assassinati dai paramilitari socialdemocratici nel 1918) \u00e8 ancora oggi un partito &#8220;illegale&#8221;.<\/p>\n<p class=\"p1\">L\u2019incontro si \u00e8 svolto in termini informali e amichevoli, e ha gettato le basi per una futura riunione fra i vertici delle due organizzazioni nel corso del prossimo anno cos\u00ec da meglio conoscerci. Chiara fin da subito l&#8217;impegno comune per la pace e contro l&#8217;imperialismo, nonch\u00e9 la difesa del patrimonio culturale marxista. Di fronte alla divisione dei comunisti tedeschi, il nostro Partito ha ribadito la disponibilit\u00e0 a dialogare con tutti i partiti attivi in Germania su basi di rispetto e del principio di non ingerenza.<\/p>\n","protected":false},"excerpt":{"rendered":"<p>Si \u00e8 svolto a Berlino nelle scorse settimane un incontro fra i compagni Samuel Iembo e Daniela Falconi, in rappresenzanza del nostro Partito con il compagno Torsten Sch\u00f6witz, presidente del Partito Comunista di Germania (KPD), nell\u2019ambito di un Seminario internazionale di studio sulla storia della ex-DDR, la repubblica socialista che dal 1949 al 1990 riuniva [&hellip;]<\/p>\n","protected":false},"author":2,"featured_media":8707,"comment_status":"open","ping_status":"open","sticky":false,"template":"","format":"standard","meta":{"footnotes":""},"categories":[49,17],"tags":[],"class_list":{"0":"post-3112","1":"post","2":"type-post","3":"status-publish","4":"format-standard","5":"has-post-thumbnail","7":"category-europa","8":"category-internazionale"},"_links":{"self":[{"href":"https:\/\/www.partitocomunista.ch\/index.php?rest_route=\/wp\/v2\/posts\/3112","targetHints":{"allow":["GET"]}}],"collection":[{"href":"https:\/\/www.partitocomunista.ch\/index.php?rest_route=\/wp\/v2\/posts"}],"about":[{"href":"https:\/\/www.partitocomunista.ch\/index.php?rest_route=\/wp\/v2\/types\/post"}],"author":[{"embeddable":true,"href":"https:\/\/www.partitocomunista.ch\/index.php?rest_route=\/wp\/v2\/users\/2"}],"replies":[{"embeddable":true,"href":"https:\/\/www.partitocomunista.ch\/index.php?rest_route=%2Fwp%2Fv2%2Fcomments&post=3112"}],"version-history":[{"count":0,"href":"https:\/\/www.partitocomunista.ch\/index.php?rest_route=\/wp\/v2\/posts\/3112\/revisions"}],"wp:featuredmedia":[{"embeddable":true,"href":"https:\/\/www.partitocomunista.ch\/index.php?rest_route=\/wp\/v2\/media\/8707"}],"wp:attachment":[{"href":"https:\/\/www.partitocomunista.ch\/index.php?rest_route=%2Fwp%2Fv2%2Fmedia&parent=3112"}],"wp:term":[{"taxonomy":"category","embeddable":true,"href":"https:\/\/www.partitocomunista.ch\/index.php?rest_route=%2Fwp%2Fv2%2Fcategories&post=3112"},{"taxonomy":"post_tag","embeddable":true,"href":"https:\/\/www.partitocomunista.ch\/index.php?rest_route=%2Fwp%2Fv2%2Ftags&post=3112"}],"curies":[{"name":"wp","href":"https:\/\/api.w.org\/{rel}","templated":true}]}}