{"id":2868,"date":"2019-08-29T18:42:59","date_gmt":"2019-08-29T16:42:59","guid":{"rendered":"https:\/\/www.partitocomunista.ch\/?p=2868"},"modified":"2019-08-29T18:42:59","modified_gmt":"2019-08-29T16:42:59","slug":"la-riforma-avs-21-penalizza-le-donne-e-le-fasce-popolari","status":"publish","type":"post","link":"https:\/\/www.partitocomunista.ch\/?p=2868","title":{"rendered":"La riforma AVS 21 penalizza le donne e le fasce popolari"},"content":{"rendered":"<p>Il Consiglio federale ha varato il messaggio sulla riforma AVS 21, che rappresenta una vera pugnalata nei confronti delle donne e delle fasce pi\u00f9 deboli della popolazione. Come da copione, sono previsti un aumento dell\u2019et\u00e0 di pensionamento per le donne a 65 anni, un incremento dell\u2019IVA del 0.7% e una maggiore flessibilit\u00e0 nella riscossione della rendita, con l\u2019obiettivo di incentivare gli assicurati a lavorare pi\u00f9 a lungo, fino addirittura a 70 anni.<\/p>\n<p>Verdi e Sinistra alternativa (Verdi del Ticino, Partito Comunista e Forum Alternativo) ribadiscono la loro posizione contraria a queste proposte. Non accetteremo nessun rialzo dell\u2019et\u00e0 di pensionamento, soprattutto finch\u00e9 le donne non percepiranno un salario uguale a quello degli uomini. Senza dimenticare che dei salari uguali per le donne contribuirebbero a diminuire di molto i problemi dell\u2019AVS. L\u2019aumento dell\u2019IVA, poi, penalizza proporzionalmente di pi\u00f9 i meno abbienti, in piena contraddizione con il principio di solidariet\u00e0 che sta alla base all\u2019AVS. E che dire dell\u2019organizzazione volta ad incitare gli assicurati a lavorare pi\u00f9 a lungo in un mondo del lavoro caratterizzato da precariet\u00e0, disoccupazione e stress? Per usare un eufemismo, non ci sembra una soluzione proponibile, e di certo non aiuter\u00e0 a risolvere i problemi dell\u2019AVS.<\/p>\n<p>I problemi odierni dell\u2019AVS e delle casse pensioni affondano le loro radici nell\u2019adozione, nel 1972, del sistema pensionistico dei \u201ctre pilastri\u201d a scapito di quello delle \u201cpensioni popolari\u201d. Gli immensi fondi delle casse pensioni, finiti i \u201ctempi d\u2019oro\u201d, fanno sempre pi\u00f9 fatica a versare delle rendite decenti, e l\u2019AVS continua a boccheggiare malgrado l\u2019aumento dei contributi da parte dei salariati imposto dalla RFFA (che taluni avevano avuto il coraggio di presentare come un \u201cregalo all\u2019AVS\u201d).<\/p>\n<p>Altre e nuove fonti di finanziamento sono necessarie. Andiamo a prendere i soldi dove si trovano in abbondanza! La RFFA regala miliardi agli azionisti delle grosse imprese, i loro patrimoni non fanno che aumentare e di conseguenza anche il giro di capitali. Una tassa a favore dell\u2019AVS prelevata sui dividendi e grandi patrimoni e soprattutto sulle transazioni finanziare non farebbe \u201csoffrire\u201d un granch\u00e9 gli straricchi e nemmeno le banche, non peserebbe sulle giovani generazioni e soprattutto permetterebbe a chi necessita di una rendita d\u2019AVS di vivere dignitosamente anche in futuro.<\/p>\n<p>Diciamo basta alle politiche antisociali dei partiti di governo, ora si cambia!<\/p>\n","protected":false},"excerpt":{"rendered":"<p>Il Consiglio federale ha varato il messaggio sulla riforma AVS 21, che rappresenta una vera pugnalata nei confronti delle donne e delle fasce pi\u00f9 deboli della popolazione. Come da copione, sono previsti un aumento dell\u2019et\u00e0 di pensionamento per le donne a 65 anni, un incremento dell\u2019IVA del 0.7% e una maggiore flessibilit\u00e0 nella riscossione della [&hellip;]<\/p>\n","protected":false},"author":2,"featured_media":8707,"comment_status":"open","ping_status":"open","sticky":false,"template":"","format":"standard","meta":{"footnotes":""},"categories":[4,23],"tags":[],"class_list":{"0":"post-2868","1":"post","2":"type-post","3":"status-publish","4":"format-standard","5":"has-post-thumbnail","7":"category-attualita","8":"category-sanita-e-socialita"},"_links":{"self":[{"href":"https:\/\/www.partitocomunista.ch\/index.php?rest_route=\/wp\/v2\/posts\/2868","targetHints":{"allow":["GET"]}}],"collection":[{"href":"https:\/\/www.partitocomunista.ch\/index.php?rest_route=\/wp\/v2\/posts"}],"about":[{"href":"https:\/\/www.partitocomunista.ch\/index.php?rest_route=\/wp\/v2\/types\/post"}],"author":[{"embeddable":true,"href":"https:\/\/www.partitocomunista.ch\/index.php?rest_route=\/wp\/v2\/users\/2"}],"replies":[{"embeddable":true,"href":"https:\/\/www.partitocomunista.ch\/index.php?rest_route=%2Fwp%2Fv2%2Fcomments&post=2868"}],"version-history":[{"count":0,"href":"https:\/\/www.partitocomunista.ch\/index.php?rest_route=\/wp\/v2\/posts\/2868\/revisions"}],"wp:featuredmedia":[{"embeddable":true,"href":"https:\/\/www.partitocomunista.ch\/index.php?rest_route=\/wp\/v2\/media\/8707"}],"wp:attachment":[{"href":"https:\/\/www.partitocomunista.ch\/index.php?rest_route=%2Fwp%2Fv2%2Fmedia&parent=2868"}],"wp:term":[{"taxonomy":"category","embeddable":true,"href":"https:\/\/www.partitocomunista.ch\/index.php?rest_route=%2Fwp%2Fv2%2Fcategories&post=2868"},{"taxonomy":"post_tag","embeddable":true,"href":"https:\/\/www.partitocomunista.ch\/index.php?rest_route=%2Fwp%2Fv2%2Ftags&post=2868"}],"curies":[{"name":"wp","href":"https:\/\/api.w.org\/{rel}","templated":true}]}}