{"id":2678,"date":"2019-07-28T01:44:24","date_gmt":"2019-07-27T23:44:24","guid":{"rendered":"https:\/\/www.partitocomunista.ch\/?p=2678"},"modified":"2019-07-28T01:44:24","modified_gmt":"2019-07-27T23:44:24","slug":"incontro-fraterno-con-quim-boix-dirigente-del-partito-comunista-dei-popoli-di-spagna-pcpe","status":"publish","type":"post","link":"https:\/\/www.partitocomunista.ch\/?p=2678","title":{"rendered":"Incontro con Quim Boix per il Partito Comunista dei Popoli di Spagna (PCPE)"},"content":{"rendered":"<p class=\"m_1524439290318257719gmail-p3\"><span class=\"m_1524439290318257719gmail-s1\">Nelle scorse settimane si \u00e8 svolto a Ginevra un importante incontro bilaterale fra il nostro Partito e il <a href=\"http:\/\/www.pcpe.es\">Partito Comunista dei Popoli di Spagna<\/a> (PCPE). <\/span><span class=\"m_1524439290318257719gmail-s1\">Fondato nel 1984 sulla base della critica al cosiddetto \u201ceurocomunismo\u201d che indebol\u00ec ideologicamente e organizzativamente il Partito Comunista di Spagna (PCE) di quegli anni, il PCPE, guidato dal segretario generale <strong>Carmelo Suarez<\/strong>, \u00e8 oggi un partito presente su praticamente tutto il territorio dello Stato spagnolo e lotta per una trasformazione in senso repubblicano e confederale della Spagna.<\/span><\/p>\n<p class=\"m_1524439290318257719gmail-p3\"><span class=\"m_1524439290318257719gmail-s1\">Per il nostro Partito erano presenti alla riunione il compagno <strong>Samuel Iembo<\/strong>, membro della Direzione e i compagni <strong>Stefano Araujo<\/strong> e <strong>Zeno Casella<\/strong>, membri del Comitato Centrale. Il PCPE era rappresentato invece dal compagno <strong>Quim Boix<\/strong>, delegato del Dipartimento Esteri del Comitato Centrale del PCPE. <\/span><\/p>\n<p class=\"m_1524439290318257719gmail-p3\"><span class=\"m_1524439290318257719gmail-s1\">Nell\u2019ambito della discussione, dopo aver espresso la nostra solidariet\u00e0 per il grave attacco frazionista subito negli ultimi anni dal PCPE, si \u00e8 affrontata la questione della giovent\u00f9: il PCPE ha infatti da poco ricostituito una propria organizzazione giovanile su avanzate basi anti-imperialiste: la\u00a0<a class=\"\" href=\"https:\/\/www.facebook.com\/profile.php?id=113596452589654&amp;ref=br_rs\">Juventud Comunista de los Pueblos de Espa\u00f1a<\/a>.<\/span><\/p>\n<p class=\"m_1524439290318257719gmail-p3\"><span class=\"m_1524439290318257719gmail-s1\">Dopodich\u00e9 ci si \u00e8 concentrati soprattutto sul tema sindacale. Il compagno Boix, in giovent\u00f9, negli anni \u201960, fu attivista studentesco all\u2019Universit\u00e0 di Barcellona sotto la dittatura fascista del generale Franco, venne arrestato e torturato, condannato pi\u00f9 volte dai tribunali speciali franchisti e pure espulso per motivi politici da tutte le universit\u00e0 del Paese, oltre che arruolato forzosamente per il servizio militare in zone coloniali. Fin dall\u2019inizio fu uno dei comunisti pi\u00f9 critici con le tesi revisioniste ed \u201ceurocomuniste\u201d, mantenendo ferma la propria impostazione ideologica marxista-leninista. Licenziato da varie aziende a causa della sua attivit\u00e0 a tutela dei lavoratori, \u00e8 oggi uno dei pi\u00f9 prestigiosi sindacalisti catalani e spagnoli, nonch\u00e9 dirigente della Federazione Sindacale Mondiale, per la quale presiede oggi l\u2019Unione Internazionale dei Pensionati.<span class=\"m_1524439290318257719gmail-Apple-converted-space\">\u00a0<\/span><\/span><\/p>\n<p class=\"m_1524439290318257719gmail-p3\"><span class=\"m_1524439290318257719gmail-s1\">Il PCPE lavora molto in ambito sindacale, in passato soprattutto nelle <em>Comisiones Obreras<\/em> (CCOO) ma oggi non solo, e hanno come priorit\u00e0 quella di ringiovanire i loro quadri operai, trasmettendo l\u2019esperienza alle nuove generazioni di militanti del Partito, i quali conoscono per\u00f2 spesso situazioni di precariato, il che non aiuta il radicamento su un posto di lavoro. Attualmente in Spagna esistono un numero enorme di sigle sindacali, molte delle quali di carattere locale, che con l\u2019aiuto anche della FSM si cerca ora di perlomeno coordinare.<\/span><\/p>\n","protected":false},"excerpt":{"rendered":"<p>Nelle scorse settimane si \u00e8 svolto a Ginevra un importante incontro bilaterale fra il nostro Partito e il Partito Comunista dei Popoli di Spagna (PCPE). Fondato nel 1984 sulla base della critica al cosiddetto \u201ceurocomunismo\u201d che indebol\u00ec ideologicamente e organizzativamente il Partito Comunista di Spagna (PCE) di quegli anni, il PCPE, guidato dal segretario generale [&hellip;]<\/p>\n","protected":false},"author":2,"featured_media":8707,"comment_status":"open","ping_status":"open","sticky":false,"template":"","format":"standard","meta":{"footnotes":""},"categories":[49,17],"tags":[],"class_list":{"0":"post-2678","1":"post","2":"type-post","3":"status-publish","4":"format-standard","5":"has-post-thumbnail","7":"category-europa","8":"category-internazionale"},"_links":{"self":[{"href":"https:\/\/www.partitocomunista.ch\/index.php?rest_route=\/wp\/v2\/posts\/2678","targetHints":{"allow":["GET"]}}],"collection":[{"href":"https:\/\/www.partitocomunista.ch\/index.php?rest_route=\/wp\/v2\/posts"}],"about":[{"href":"https:\/\/www.partitocomunista.ch\/index.php?rest_route=\/wp\/v2\/types\/post"}],"author":[{"embeddable":true,"href":"https:\/\/www.partitocomunista.ch\/index.php?rest_route=\/wp\/v2\/users\/2"}],"replies":[{"embeddable":true,"href":"https:\/\/www.partitocomunista.ch\/index.php?rest_route=%2Fwp%2Fv2%2Fcomments&post=2678"}],"version-history":[{"count":0,"href":"https:\/\/www.partitocomunista.ch\/index.php?rest_route=\/wp\/v2\/posts\/2678\/revisions"}],"wp:featuredmedia":[{"embeddable":true,"href":"https:\/\/www.partitocomunista.ch\/index.php?rest_route=\/wp\/v2\/media\/8707"}],"wp:attachment":[{"href":"https:\/\/www.partitocomunista.ch\/index.php?rest_route=%2Fwp%2Fv2%2Fmedia&parent=2678"}],"wp:term":[{"taxonomy":"category","embeddable":true,"href":"https:\/\/www.partitocomunista.ch\/index.php?rest_route=%2Fwp%2Fv2%2Fcategories&post=2678"},{"taxonomy":"post_tag","embeddable":true,"href":"https:\/\/www.partitocomunista.ch\/index.php?rest_route=%2Fwp%2Fv2%2Ftags&post=2678"}],"curies":[{"name":"wp","href":"https:\/\/api.w.org\/{rel}","templated":true}]}}