{"id":2478,"date":"2019-04-25T16:35:32","date_gmt":"2019-04-25T14:35:32","guid":{"rendered":"https:\/\/www.partitocomunista.ch\/?p=2478"},"modified":"2019-04-25T16:35:32","modified_gmt":"2019-04-25T14:35:32","slug":"45-anni-di-rivoluzione-dei-garofani","status":"publish","type":"post","link":"https:\/\/www.partitocomunista.ch\/?p=2478","title":{"rendered":"45 anni di Rivoluzione dei garofani"},"content":{"rendered":"<p class=\"p5\"><span class=\"s1\">Esattamente 45 anni fa, il 25 aprile 1974, i soldati del Movimento delle Forze Armate, guidati da capitani dagli ideali progressisti, al suono di <em>Grandola Vila Morena<\/em>, occupavano le istituzioni, rovesciando, con una rivoluzione sostenuta dal popolo, il regime salazarista, aprendo la strada alla libert\u00e0 e alla democrazia. <\/span><\/p>\n<p class=\"p5\"><span class=\"s1\">In quei giorni, non solo fu messa la parola fine a uno dei fascismi pi\u00f9 longevi della storia, ma un intero processo di emancipazione sociale si concretizz\u00f2 e si svilupp\u00f2. Sulla base di valori come la giustizia sociale, la libert\u00e0, l\u2019uguaglianza, la democrazia partecipativa, vennero portate avanti delle importanti e radicali riforme: dalla riforma agraria, all\u2019estensione della democrazia operaia nei luoghi di lavoro, dalla creazione di un esteso stato sociale, alla proliferazione di cooperative e aziende a statuto sociale. Non si trattava, insomma, solamente, di poter votare ed eleggere, ma si tratt\u00f2 di un intero processo rivoluzionario che tocc\u00f2 ogni ambito della societ\u00e0 portoghese. <\/span><\/p>\n<p class=\"p5\"><span class=\"s1\">Sulla stessa lunghezza d\u2019onda, si elabor\u00f2 una delle Costituzioni pi\u00f9 avanzate e pi\u00f9 progressiste d\u2019Europa, che ancora oggi recita nel proprio preambolo quale compito dell\u2019Assemblea Costituente quello di aprire il cammino verso una societ\u00e0 socialista, nell\u2019ottica della creazione di un paese pi\u00f9 libero, giusto e fraterno. Non solo la societ\u00e0 portoghese pot\u00e9 vivere direttamente la propria emancipazione, ma grazie alla capitolazione del fascismo, pure i popoli africani poterono liberarsi dal giogo dell\u2019occupazione militare e del colonialismo iniziando il percorso della propria indipendenza nazionale.<\/span><\/p>\n<p class=\"p5\"><span class=\"s1\">La Rivoluzione dei Garofani rappresent\u00f2 uno dei punti pi\u00f9 alti di democrazia e partecipazione popolare in Occidente. Importantissimo \u2013 sebbene certa storiografia dominante oggi ne oscuri il ruolo e continui anzi a protrarre mistificazioni su quel grandioso avvenimento, fu il ruolo del Partito Comunista Portoghese (PCP) guidato da dirigenti di spessore quali <strong>Alvaro Cunhal<\/strong> nella lotta antifascista e nel processo di democratizzazione che il Portogallo speriment\u00f2 in quell\u2019epoca, lottando contro coloro che fin da subito vollero tentare di tarpare le ali alla Rivoluzione. <\/span><\/p>\n<p class=\"p5\"><span class=\"s1\">I valori di Aprile guidano tuttora l\u2019operato dei comunisti portoghesi, che alleati oggi del governo socialista di Antonio Costa, lavorano insieme per porre fine all\u2019austerit\u00e0, per aumentare i diritti dei lavoratori, i salari e le pensioni, per estendere il servizio pubblico, per ridare respiro alle classi meno abbienti ma anche alla piccola imprenditoria nazionale.<\/span><\/p>\n<p class=\"p5\"><span class=\"s1\">Quel grande processo di emancipazione non \u00e8 terminato e non \u00e8 stato sconfitto: \u00e8 ancora vivo negli occhi dei sinceri democratici e dei veri patrioti portoghesi che si difendono dalle ingerenze dell\u2019UE e dalla NATO. Il cammino verso una societ\u00e0 pi\u00f9 giusta, il significato e il valore di quei giorni di vera libert\u00e0, illuminano ancora coloro che desiderano una democrazia avanzata e partecipativa, coloro che, in ultima analisi, si battono per il socialismo. <\/span><\/p>\n<p class=\"p3\"><span class=\"s1\">25 de Abril, sempre!<\/span><\/p>\n","protected":false},"excerpt":{"rendered":"<p>Esattamente 45 anni fa, il 25 aprile 1974, i soldati del Movimento delle Forze Armate, guidati da capitani dagli ideali progressisti, al suono di Grandola Vila Morena, occupavano le istituzioni, rovesciando, con una rivoluzione sostenuta dal popolo, il regime salazarista, aprendo la strada alla libert\u00e0 e alla democrazia. In quei giorni, non solo fu messa [&hellip;]<\/p>\n","protected":false},"author":2,"featured_media":8707,"comment_status":"open","ping_status":"open","sticky":false,"template":"","format":"standard","meta":{"footnotes":""},"categories":[49,17],"tags":[],"class_list":{"0":"post-2478","1":"post","2":"type-post","3":"status-publish","4":"format-standard","5":"has-post-thumbnail","7":"category-europa","8":"category-internazionale"},"_links":{"self":[{"href":"https:\/\/www.partitocomunista.ch\/index.php?rest_route=\/wp\/v2\/posts\/2478","targetHints":{"allow":["GET"]}}],"collection":[{"href":"https:\/\/www.partitocomunista.ch\/index.php?rest_route=\/wp\/v2\/posts"}],"about":[{"href":"https:\/\/www.partitocomunista.ch\/index.php?rest_route=\/wp\/v2\/types\/post"}],"author":[{"embeddable":true,"href":"https:\/\/www.partitocomunista.ch\/index.php?rest_route=\/wp\/v2\/users\/2"}],"replies":[{"embeddable":true,"href":"https:\/\/www.partitocomunista.ch\/index.php?rest_route=%2Fwp%2Fv2%2Fcomments&post=2478"}],"version-history":[{"count":0,"href":"https:\/\/www.partitocomunista.ch\/index.php?rest_route=\/wp\/v2\/posts\/2478\/revisions"}],"wp:featuredmedia":[{"embeddable":true,"href":"https:\/\/www.partitocomunista.ch\/index.php?rest_route=\/wp\/v2\/media\/8707"}],"wp:attachment":[{"href":"https:\/\/www.partitocomunista.ch\/index.php?rest_route=%2Fwp%2Fv2%2Fmedia&parent=2478"}],"wp:term":[{"taxonomy":"category","embeddable":true,"href":"https:\/\/www.partitocomunista.ch\/index.php?rest_route=%2Fwp%2Fv2%2Fcategories&post=2478"},{"taxonomy":"post_tag","embeddable":true,"href":"https:\/\/www.partitocomunista.ch\/index.php?rest_route=%2Fwp%2Fv2%2Ftags&post=2478"}],"curies":[{"name":"wp","href":"https:\/\/api.w.org\/{rel}","templated":true}]}}