{"id":2046,"date":"2018-11-19T03:02:14","date_gmt":"2018-11-19T02:02:14","guid":{"rendered":"https:\/\/www.partitocomunista.ch\/?p=2046"},"modified":"2018-11-19T03:02:14","modified_gmt":"2018-11-19T02:02:14","slug":"diritti-dei-pazienti-nelle-cliniche-psichiatriche","status":"publish","type":"post","link":"https:\/\/www.partitocomunista.ch\/?p=2046","title":{"rendered":"Diritti dei pazienti nelle cliniche psichiatriche"},"content":{"rendered":"<p class=\"western\" align=\"justify\">Nell\u2019ambito di testimonianze da noi raccolte circa il ricovero e la degenza nelle cliniche psichiatriche, abbiamo rilevato situazioni che necessitano chiarimenti da parte del Consiglio di Stato e che di seguito espongo.<\/p>\n<p class=\"western\" align=\"justify\"><em><strong>1.<\/strong> <\/em>Nell\u2019ambito di un ricovero recente presso la Clinica Santa Croce di Orselina (che ha ottenuto nel 1998 l\u2019inserimento nella pianificazione ospedaliera cantonale), a differenza di quanto accaduto presso la Clinica Psichiatrica Cantonale di Mendrisio, a un paziente non risulterebbero essere stati presentati i propri diritti e non gli sarebbe stato consegnato alcun foglio di ricorso. Chiedo se esiste un obbligo di informazione in tal senso per le strutture psichiatriche e, in caso di risposta negativa, se non sia il caso di prevederlo.<\/p>\n<p class=\"western\" align=\"justify\"><em><strong>2.<\/strong><\/em> Sempre nell\u2019ambito di un ricovero recente presso la Clinica Santa Croce di Orselina e sempre a differenza rispetto alla struttura di Mendrisio, un paziente non avrebbe ricevuto alcuna informazione circa l\u2019esistenza di associazioni di tutela dei suoi diritti e di associazioni di assistenza ai famigliari. Sulla scorta di questi esempi chiedo se esista un obbligo di informazione in tal senso per le strutture psichiatriche e, in caso di risposta negativa, se non sia il caso di prevederlo.<\/p>\n<p class=\"western\" align=\"justify\"><em><strong>3.<\/strong><\/em> L\u2019utilizzo regolare di test \u201cusa e getta\u201d per valutare l\u2019eventuale consumo di stupefacenti da parte dei pazienti in entrata alle strutture psichiatriche pone qualche interrogativo. Alla luce di alcune testimonianze in cui tali test per ben due volte consecutive hanno dato risultati errati (il personale di cura avrebbe affermato \u201cdue falsi positivi possono capitare\u201d), ci chiediamo se essi siano abbastanza affidabili, calcolando che non sempre i pazienti di tali strutture sono nelle condizioni di poter reagire a loro tutela. Oltre a ci\u00f2 chiediamo se ai pazienti \u00e8 data facolt\u00e0 di richiedere un\u2019analisi di laboratorio pi\u00f9 approfondita di fronte al sospetto di fallimento di tali test.<\/p>\n<p class=\"western\" align=\"justify\"><em><strong>4.<\/strong><\/em> Nell\u2019ambito del controllo che lo Stato esercita sulle strutture psichiatriche cantonali pubbliche e private, non sarebbe utile istituire un organo di verifica indipendente che tuteli i diritti dei pazienti ricoverati?<\/p>\n<p class=\"western\" align=\"justify\"><em><strong>5.<\/strong><\/em> <span style=\"color: #222222;\"><span style=\"font-size: medium;\">Prendendo spunto dal 40\u00b0 anniversario della cosiddetta &#8220;Legge Basaglia&#8221; (1978) attraverso la quale, nella vicina Italia si intese chiudere i manicomi, ne approfitto per chiedere al Consiglio di Stato una valutazione dei rapporti circa la qualit\u00e0 del servizio offerto e il benessere dei pazienti e se esistono delle prospettive di maggiore integrazione con i servizi territoriali per rendere capillare, attenta al territorio e meno onerosa l&#8217;offerta circa i vari servizi psichiatrici.<\/span><\/span><\/p>\n<p class=\"western\" align=\"justify\"><em><strong>Massimiliano Ay<\/strong>, deputato del Partito Comunista<\/em><\/p>\n","protected":false},"excerpt":{"rendered":"<p>Nell\u2019ambito di testimonianze da noi raccolte circa il ricovero e la degenza nelle cliniche psichiatriche, abbiamo rilevato situazioni che necessitano chiarimenti da parte del Consiglio di Stato e che di seguito espongo. 1. Nell\u2019ambito di un ricovero recente presso la Clinica Santa Croce di Orselina (che ha ottenuto nel 1998 l\u2019inserimento nella pianificazione ospedaliera cantonale), [&hellip;]<\/p>\n","protected":false},"author":2,"featured_media":8707,"comment_status":"open","ping_status":"open","sticky":false,"template":"","format":"standard","meta":{"footnotes":""},"categories":[43,53,18],"tags":[],"class_list":{"0":"post-2046","1":"post","2":"type-post","3":"status-publish","4":"format-standard","5":"has-post-thumbnail","7":"category-gran-consiglio-ti","8":"category-interrogazioni-e-interpellanze","9":"category-istituzioni"},"_links":{"self":[{"href":"https:\/\/www.partitocomunista.ch\/index.php?rest_route=\/wp\/v2\/posts\/2046","targetHints":{"allow":["GET"]}}],"collection":[{"href":"https:\/\/www.partitocomunista.ch\/index.php?rest_route=\/wp\/v2\/posts"}],"about":[{"href":"https:\/\/www.partitocomunista.ch\/index.php?rest_route=\/wp\/v2\/types\/post"}],"author":[{"embeddable":true,"href":"https:\/\/www.partitocomunista.ch\/index.php?rest_route=\/wp\/v2\/users\/2"}],"replies":[{"embeddable":true,"href":"https:\/\/www.partitocomunista.ch\/index.php?rest_route=%2Fwp%2Fv2%2Fcomments&post=2046"}],"version-history":[{"count":0,"href":"https:\/\/www.partitocomunista.ch\/index.php?rest_route=\/wp\/v2\/posts\/2046\/revisions"}],"wp:featuredmedia":[{"embeddable":true,"href":"https:\/\/www.partitocomunista.ch\/index.php?rest_route=\/wp\/v2\/media\/8707"}],"wp:attachment":[{"href":"https:\/\/www.partitocomunista.ch\/index.php?rest_route=%2Fwp%2Fv2%2Fmedia&parent=2046"}],"wp:term":[{"taxonomy":"category","embeddable":true,"href":"https:\/\/www.partitocomunista.ch\/index.php?rest_route=%2Fwp%2Fv2%2Fcategories&post=2046"},{"taxonomy":"post_tag","embeddable":true,"href":"https:\/\/www.partitocomunista.ch\/index.php?rest_route=%2Fwp%2Fv2%2Ftags&post=2046"}],"curies":[{"name":"wp","href":"https:\/\/api.w.org\/{rel}","templated":true}]}}