{"id":2037,"date":"2018-11-10T19:44:17","date_gmt":"2018-11-10T18:44:17","guid":{"rendered":"https:\/\/www.partitocomunista.ch\/?p=2037"},"modified":"2018-11-10T19:44:17","modified_gmt":"2018-11-10T18:44:17","slug":"solidarieta-agli-studenti-la-commissione-scolastica-si-svegli","status":"publish","type":"post","link":"https:\/\/www.partitocomunista.ch\/?p=2037","title":{"rendered":"Solidariet\u00e0 agli studenti. La Commissione scolastica si svegli!"},"content":{"rendered":"<p class=\"p1\"><span class=\"s1\">La Giovent\u00f9 comunista esprime tutta la propria solidariet\u00e0 con la lotta delle studentesse e degli studenti ticinesi in favore del rafforzamento delle borse di studio. Le azioni di protesta svoltesi mercoled\u00ec costituiscono un nuovo e chiaro segnale alla politica cantonale, che non ha ancora affrontato le rivendicazioni contenute nella petizione consegnata dal Sindacato Indipendente degli Studenti e Apprendisti (SISA) lo scorso aprile.<\/span><\/p>\n<p class=\"p1\"><span class=\"s1\">L\u2019avvicinarsi della stagione elettorale sembra che abbia convinto i membri della commissione scolastica del Gran Consiglio a mettere in naftalina le richieste degli studenti, il cui respingimento susciterebbe troppo clamore a pochi mesi dal rinnovo dell\u2019esecutivo e del legislativo cantonali. Meglio aspettare dunque fino a dopo aprile per dire chiaramente che non si \u00e8 disposti a tornare ad investire nella formazione, nonostante lo stato di assoluta salute delle finanze cantonali.<\/span><\/p>\n<p class=\"p1\"><span class=\"s1\">Per i partiti borghesi \u00e8 evidente che l\u2019istruzione non \u00e8 un diritto di tutta la popolazione (bench\u00e9 la Costituzione dica il contrario), ma anche che affermarlo pubblicamente non \u00e8 la mossa elettoralmente pi\u00f9 conveniente: l\u2019ennesima dimostrazione della profonda ipocrisia della destra nostrana. I giovani comunisti non resteranno per\u00f2 a guardare questo triste spettacolo e continueranno a lottare con il SISA in favore di un diritto allo studio garantito e di una scuola pubblica democratica e di qualit\u00e0!<\/span><\/p>\n","protected":false},"excerpt":{"rendered":"<p>La Giovent\u00f9 comunista esprime tutta la propria solidariet\u00e0 con la lotta delle studentesse e degli studenti ticinesi in favore del rafforzamento delle borse di studio. Le azioni di protesta svoltesi mercoled\u00ec costituiscono un nuovo e chiaro segnale alla politica cantonale, che non ha ancora affrontato le rivendicazioni contenute nella petizione consegnata dal Sindacato Indipendente degli [&hellip;]<\/p>\n","protected":false},"author":2,"featured_media":8707,"comment_status":"open","ping_status":"open","sticky":false,"template":"","format":"standard","meta":{"footnotes":""},"categories":[4,15,16],"tags":[],"class_list":{"0":"post-2037","1":"post","2":"type-post","3":"status-publish","4":"format-standard","5":"has-post-thumbnail","7":"category-attualita","8":"category-giovani","9":"category-gioventu-comunista"},"_links":{"self":[{"href":"https:\/\/www.partitocomunista.ch\/index.php?rest_route=\/wp\/v2\/posts\/2037","targetHints":{"allow":["GET"]}}],"collection":[{"href":"https:\/\/www.partitocomunista.ch\/index.php?rest_route=\/wp\/v2\/posts"}],"about":[{"href":"https:\/\/www.partitocomunista.ch\/index.php?rest_route=\/wp\/v2\/types\/post"}],"author":[{"embeddable":true,"href":"https:\/\/www.partitocomunista.ch\/index.php?rest_route=\/wp\/v2\/users\/2"}],"replies":[{"embeddable":true,"href":"https:\/\/www.partitocomunista.ch\/index.php?rest_route=%2Fwp%2Fv2%2Fcomments&post=2037"}],"version-history":[{"count":0,"href":"https:\/\/www.partitocomunista.ch\/index.php?rest_route=\/wp\/v2\/posts\/2037\/revisions"}],"wp:featuredmedia":[{"embeddable":true,"href":"https:\/\/www.partitocomunista.ch\/index.php?rest_route=\/wp\/v2\/media\/8707"}],"wp:attachment":[{"href":"https:\/\/www.partitocomunista.ch\/index.php?rest_route=%2Fwp%2Fv2%2Fmedia&parent=2037"}],"wp:term":[{"taxonomy":"category","embeddable":true,"href":"https:\/\/www.partitocomunista.ch\/index.php?rest_route=%2Fwp%2Fv2%2Fcategories&post=2037"},{"taxonomy":"post_tag","embeddable":true,"href":"https:\/\/www.partitocomunista.ch\/index.php?rest_route=%2Fwp%2Fv2%2Ftags&post=2037"}],"curies":[{"name":"wp","href":"https:\/\/api.w.org\/{rel}","templated":true}]}}