{"id":2033,"date":"2018-11-14T19:26:01","date_gmt":"2018-11-14T18:26:01","guid":{"rendered":"https:\/\/www.partitocomunista.ch\/?p=2033"},"modified":"2018-11-14T19:26:01","modified_gmt":"2018-11-14T18:26:01","slug":"aumento-dei-premi-cassa-malati-non-se-ne-puo-piu-sabato-tutti-alla-manifestazione","status":"publish","type":"post","link":"https:\/\/www.partitocomunista.ch\/?p=2033","title":{"rendered":"Aumento dei premi cassa malati: non se ne pu\u00f2 pi\u00f9! Sabato tutti alla manifestazione!"},"content":{"rendered":"<p>Una decina tra sindacati (USS, Unia, VPOD) e organizzazioni della sinistra (Forum Alternativo, MPS, PC, POP, PS, Scintilla, Verdi) organizzano questo sabato a Bellinzona, con partenza da Largo Elvezia alle ore 16.00, una manifestazione di protesta contro il continuo aumento dei premi di cassa malati che, per la maggior parte della popolazione, significa una perdita netta del reddito disponibile.<\/p>\n<p><img decoding=\"async\" class=\"aligncenter\" src=\"https:\/\/image.jimcdn.com\/app\/cms\/image\/transf\/none\/path\/se1320be04c8bbbb0\/image\/ifd5f99fa1cbf68c2\/version\/1540720050\/image.png\" \/><\/p>\n<p>Dall\u2019entrata in vigore della LAMal i premi sono aumentati all\u2019incirca del 150%, cio\u00e8 circa il doppio rispetto all\u2019aumento, nello stesso periodo, dei cosiddetti costi della salute. Gi\u00e0 questa discrepanza segnala una grossa debolezza della LAMal, che sin dall\u2019inizio \u00e8 stata strutturata basandosi sull\u2019ideologia della concorrenza e del libero mercato, principi che nel settore della salute hanno sempre e solo creato problemi e aumento dei costi, come chiaramente dimostra l\u2019esperienza di tutti i paesi dove questi principi sono stati adottati. Se si considera poi che durante lo stesso periodo di tempo i salari sono sostanzialmente rimasti invariati, \u00e8 evidente che per la maggior parte della popolazione i premi di cassa malati sono ormai diventati un peso economicamente insopportabile.<\/p>\n<p>Questo capita anche perch\u00e9 i premi per l\u2019assicurazione di base sono uguali per tutti: miliardario o impiegato. Nella maggior parte dei paesi europei i costi della salute sono invece coperti con prelievi proporzionali al reddito e alla sostanza: da noi invece i ricchi pagano in proporzione molto meno di chi ha redditi bassi: i premi di cassa malati non incidono in nessun modo sul loro livello di vita. Per le famiglie di redditi medio bassi i premi di cassa malati possono incidere fino ad un terzo del reddito famigliare.<\/p>\n<p>La situazione negli ultimi anni \u00e8 ancora peggiorata, in quanto i sussidi cantonali per le fasce meno abbienti della popolazione sono costantemente diminuiti. \u00c8 ora quindi di dire finalmente basta: ed \u00e8 per questo che le organizzazioni che invitano la popolazione a manifestare hanno preparato un manifesto, nel quale vengono presentate una serie di rivendicazioni immediate. Tra queste le principali sono: moratoria immediata sull\u2019aumento dei premi di cassa malati, creazione di una cassa malati unica finanziata con premi proporzionali al reddito e alla sostanza, aumento dei sussidi per la copertura dei premi (utilizzando i 130 milioni che il cantone ogni anno regala alle cliniche private), controllo dei costi dei farmaci, che rappresentano una voce sempre pi\u00f9 importante nella spesa sanitaria, a fronte dei guadagni miliardari delle multinazionali farmaceutiche.<\/p>\n<p>La protesta \u00e8 tanto pi\u00f9 necessaria in quanto le ultime iniziative politiche indicano chiaramente che ormai non c\u2019\u00e8 pi\u00f9 limite al peggio. Cos\u00ec l\u2019UDC propone un taglio drastico alle prestazioni rimborsate dalle casse malati, i liberali vogliono imporci franchigie stratosferiche e trasferire i malati all\u2019estero (con perdite di posti di lavoro in Ticino), mentre nessuno ha capito come si possa realizzare, senza favorire ancora una volta le casse malati, l\u2019iniziativa popolare lanciata recentemente dal PPD sul piano nazionale.<\/p>\n<p>Questi partiti hanno qualcosa in comune: tutti i presidenti dei consigli di amministrazione e i CEO delle casse malati, i cui salari sfiorano ormai il milione all\u2019anno, gravitano nella loro area politica. \u00c8 quindi illusorio sperare che un miglioramento possa venire dai gremi parlamentari: una ragione di pi\u00f9 per protestare ad alta voce!<\/p>\n<hr \/>\n<blockquote class=\"wp-embedded-content\" data-secret=\"BTvfkgr4CM\"><p><a href=\"https:\/\/new.partitocomunista.ch\/il-plr-difende-le-casse-malati-private-e-chiede-che-i-pazienti-paghino-di-piu-le-cure-mediche\/\">Il PLR difende le casse malati private e chiede che i pazienti paghino di pi\u00f9 le cure mediche!<\/a><\/p><\/blockquote>\n<p><iframe loading=\"lazy\" class=\"wp-embedded-content\" sandbox=\"allow-scripts\" security=\"restricted\" style=\"position: absolute; visibility: hidden;\" title=\"&#8220;Il PLR difende le casse malati private e chiede che i pazienti paghino di pi\u00f9 le cure mediche!&#8221; &#8212; Partito Comunista\" src=\"https:\/\/new.partitocomunista.ch\/il-plr-difende-le-casse-malati-private-e-chiede-che-i-pazienti-paghino-di-piu-le-cure-mediche\/embed\/#?secret=s7R3nFlMJV#?secret=BTvfkgr4CM\" data-secret=\"BTvfkgr4CM\" width=\"600\" height=\"338\" frameborder=\"0\" marginwidth=\"0\" marginheight=\"0\" scrolling=\"no\"><\/iframe><\/p>\n","protected":false},"excerpt":{"rendered":"<p>Una decina tra sindacati (USS, Unia, VPOD) e organizzazioni della sinistra (Forum Alternativo, MPS, PC, POP, PS, Scintilla, Verdi) organizzano questo sabato a Bellinzona, con partenza da Largo Elvezia alle ore 16.00, una manifestazione di protesta contro il continuo aumento dei premi di cassa malati che, per la maggior parte della popolazione, significa una perdita [&hellip;]<\/p>\n","protected":false},"author":2,"featured_media":8707,"comment_status":"open","ping_status":"open","sticky":false,"template":"","format":"standard","meta":{"footnotes":""},"categories":[4,23],"tags":[],"class_list":{"0":"post-2033","1":"post","2":"type-post","3":"status-publish","4":"format-standard","5":"has-post-thumbnail","7":"category-attualita","8":"category-sanita-e-socialita"},"_links":{"self":[{"href":"https:\/\/www.partitocomunista.ch\/index.php?rest_route=\/wp\/v2\/posts\/2033","targetHints":{"allow":["GET"]}}],"collection":[{"href":"https:\/\/www.partitocomunista.ch\/index.php?rest_route=\/wp\/v2\/posts"}],"about":[{"href":"https:\/\/www.partitocomunista.ch\/index.php?rest_route=\/wp\/v2\/types\/post"}],"author":[{"embeddable":true,"href":"https:\/\/www.partitocomunista.ch\/index.php?rest_route=\/wp\/v2\/users\/2"}],"replies":[{"embeddable":true,"href":"https:\/\/www.partitocomunista.ch\/index.php?rest_route=%2Fwp%2Fv2%2Fcomments&post=2033"}],"version-history":[{"count":0,"href":"https:\/\/www.partitocomunista.ch\/index.php?rest_route=\/wp\/v2\/posts\/2033\/revisions"}],"wp:featuredmedia":[{"embeddable":true,"href":"https:\/\/www.partitocomunista.ch\/index.php?rest_route=\/wp\/v2\/media\/8707"}],"wp:attachment":[{"href":"https:\/\/www.partitocomunista.ch\/index.php?rest_route=%2Fwp%2Fv2%2Fmedia&parent=2033"}],"wp:term":[{"taxonomy":"category","embeddable":true,"href":"https:\/\/www.partitocomunista.ch\/index.php?rest_route=%2Fwp%2Fv2%2Fcategories&post=2033"},{"taxonomy":"post_tag","embeddable":true,"href":"https:\/\/www.partitocomunista.ch\/index.php?rest_route=%2Fwp%2Fv2%2Ftags&post=2033"}],"curies":[{"name":"wp","href":"https:\/\/api.w.org\/{rel}","templated":true}]}}