{"id":1868,"date":"2018-09-02T09:37:50","date_gmt":"2018-09-02T07:37:50","guid":{"rendered":"https:\/\/www.partitocomunista.ch\/?p=1868"},"modified":"2018-09-02T09:37:50","modified_gmt":"2018-09-02T07:37:50","slug":"privatizzare-le-autostrade-e-irresponsabile-a-berna-stanno-dando-i-numeri","status":"publish","type":"post","link":"https:\/\/www.partitocomunista.ch\/?p=1868","title":{"rendered":"Privatizzare le autostrade \u00e8 irresponsabile. A Berna stanno dando i numeri?"},"content":{"rendered":"<p class=\"p3\"><span class=\"s1\">Mentre l\u2019Italia inizia timidamente a discutere la possibilit\u00e0 di nazionalizzare le autostrade dopo il terribile crollo del ponte Morandi e la Gran Bretagna capisce l\u2019errore delle sue privatizzazioni selvagge avvenute a scapito di manutenzione e sicurezza, la Svizzera oggi fa &#8211; sembra una barzelletta &#8211; l\u2019esatto opposto: a Berna infatti si sta studiando la possibilit\u00e0 di privatizzare le strade! Che dire?! Come minimo i consiglieri federali pi\u00f9 a destra degli ultimi anni, sono dei geni dal lato delle tempistiche!<\/span><\/p>\n<p class=\"p3\"><span class=\"s1\">Il Consiglio federale vorrebbe infatti valutare una societ\u00e0 anonima &#8211; bont\u00e0 sua: a capitale ancora inizialmente pubblico &#8211; che gestisse la costruzione e l&#8217;esercizio delle autostrade. Esternalizzare costruzione ed esercizio delle autostrade significa in poche parole attuare un primo passo verso la privatizzazione di un settore strategico per l\u2019economia e la sicurezza nazionale come lo sono appunto le vie di comunicazione. Si tratta di una proposta di un estremismo capitalistico irresponsabile, che deve trovare una ferma opposizione non solo dei comunisti ma di chiunque\u00a0\u00a0in questo Paese abbia ancora un po\u2019 di senso dello Stato!<\/span><\/p>\n<p class=\"p3\"><span class=\"s1\">Non abbiamo bisogno di una societ\u00e0 anonima in un ambito cos\u00ec importante: che il capitale azionario sia in mano all&#8217;ente pubblico o meno qui non fa differenza, poich\u00e9 comunque la rete autostradale sarebbe gestita dai soli criteri di redditivit\u00e0, il che \u00e8 paragonabile alla disastrosa situazione italiana.\u00a0<\/span><span class=\"s2\">Come dimostrato anche dalla Posta, siamo inoltre ben coscienti che il trasferimento delle attivit\u00e0 a una SA porter\u00e0 inevitabilmente a uno scadimento del controllo pubblico sulle medesime<\/span><\/p>\n<p class=\"p3\"><span class=\"s1\">Il Partito Comunista ritiene che le vie di comunicazione non debbano essere cedute a nessuno: esse appartengono alla collettivit\u00e0 e deve dunque essere l\u2019Ufficio federale delle strade a continuare a gestirle!<\/span><\/p>\n","protected":false},"excerpt":{"rendered":"<p>Mentre l\u2019Italia inizia timidamente a discutere la possibilit\u00e0 di nazionalizzare le autostrade dopo il terribile crollo del ponte Morandi e la Gran Bretagna capisce l\u2019errore delle sue privatizzazioni selvagge avvenute a scapito di manutenzione e sicurezza, la Svizzera oggi fa &#8211; sembra una barzelletta &#8211; l\u2019esatto opposto: a Berna infatti si sta studiando la possibilit\u00e0 [&hellip;]<\/p>\n","protected":false},"author":2,"featured_media":8707,"comment_status":"open","ping_status":"open","sticky":false,"template":"","format":"standard","meta":{"footnotes":""},"categories":[4,9],"tags":[],"class_list":{"0":"post-1868","1":"post","2":"type-post","3":"status-publish","4":"format-standard","5":"has-post-thumbnail","7":"category-attualita","8":"category-economia"},"_links":{"self":[{"href":"https:\/\/www.partitocomunista.ch\/index.php?rest_route=\/wp\/v2\/posts\/1868","targetHints":{"allow":["GET"]}}],"collection":[{"href":"https:\/\/www.partitocomunista.ch\/index.php?rest_route=\/wp\/v2\/posts"}],"about":[{"href":"https:\/\/www.partitocomunista.ch\/index.php?rest_route=\/wp\/v2\/types\/post"}],"author":[{"embeddable":true,"href":"https:\/\/www.partitocomunista.ch\/index.php?rest_route=\/wp\/v2\/users\/2"}],"replies":[{"embeddable":true,"href":"https:\/\/www.partitocomunista.ch\/index.php?rest_route=%2Fwp%2Fv2%2Fcomments&post=1868"}],"version-history":[{"count":0,"href":"https:\/\/www.partitocomunista.ch\/index.php?rest_route=\/wp\/v2\/posts\/1868\/revisions"}],"wp:featuredmedia":[{"embeddable":true,"href":"https:\/\/www.partitocomunista.ch\/index.php?rest_route=\/wp\/v2\/media\/8707"}],"wp:attachment":[{"href":"https:\/\/www.partitocomunista.ch\/index.php?rest_route=%2Fwp%2Fv2%2Fmedia&parent=1868"}],"wp:term":[{"taxonomy":"category","embeddable":true,"href":"https:\/\/www.partitocomunista.ch\/index.php?rest_route=%2Fwp%2Fv2%2Fcategories&post=1868"},{"taxonomy":"post_tag","embeddable":true,"href":"https:\/\/www.partitocomunista.ch\/index.php?rest_route=%2Fwp%2Fv2%2Ftags&post=1868"}],"curies":[{"name":"wp","href":"https:\/\/api.w.org\/{rel}","templated":true}]}}