{"id":1750,"date":"2018-07-22T20:44:41","date_gmt":"2018-07-22T18:44:41","guid":{"rendered":"https:\/\/www.partitocomunista.ch\/?p=1750"},"modified":"2018-07-22T20:44:41","modified_gmt":"2018-07-22T18:44:41","slug":"solidarieta-al-partito-comunista-polacco-kpp-minacciato-dal-governo-di-varsavia","status":"publish","type":"post","link":"https:\/\/www.partitocomunista.ch\/?p=1750","title":{"rendered":"Solidariet\u00e0 al Partito Comunista Polacco (KPP) minacciato dal governo di Varsavia"},"content":{"rendered":"<p><strong>DIFENDERE I DIRITTI DEL PARTITO COMUNISTA POLACCO (KPP) MINACCIATO DALLE AUTORIT\u00c0 REAZIONARIE DI VARSAVIA \u00c8 DIFENDERE LE LIBERT\u00c0 DEMOCRATICHE DI TUTTI IN TUTTA EUROPA<\/strong><strong>\u00a0<\/strong><\/p>\n<p>Nel complice silenzio dei mass media, il regime clerico-fascista di Varsavia e la sua &#8220;giustizia&#8221; agli ordini dispiegano un&#8217;impresa liberticida degna del senatore Mac Carthy e della sua sinistra caccia alle streghe. Nel nome della &#8220;difesa della democrazia&#8221; (!), l&#8217;obiettivo \u00e8 mettere al bando il Partito Comunista di Polonia, infastidire il suo giornale Brzask (L&#8217;Aurora) e perseguitare i suoi attivisti e coraggiosi militanti.<\/p>\n<p>La ridicola argomentazione anticomunista delle autorit\u00e0 polacche nasconde il loro desiderio di impedire che i lavoratori, i giovani e il popolo polacco sconfiggano il fascismo di questo paese dal partito al governo, il PIS. Perseguendo i comunisti, il PIS vuole intimidire tutti i polacchi che rifiutano lo strangolamento delle libert\u00e0 democratiche, il livellamento dei guadagni sociali, la distruzione dei diritti delle donne, la persecuzione delle idee di laicismo e il libero pensiero, la proliferazione delle milizie apertamente fascista, la subalternit\u00e0 dell&#8217;attuale governo alla NATO come parte dei preparativi atlantici per la guerra contro il popolo russo.<\/p>\n<p>L&#8217;argomentazione &#8220;antitotalitaria&#8221; delle autorit\u00e0 polacche \u00e8 grottesca: rivendicare l&#8217; &#8220;antitotalitarismo&#8221; per vietare una corrente di opinioni e per eliminare dal suolo polacco tutte le tracce lasciate dalla Repubblica popolare polacca e dal movimento operaio antifascista, dunque ridurre e distruggere il pluralismo politico in Polonia significa chiaramente dimostrare che il riferimento all &#8220;antitotalitarismo&#8221; \u00e8 solo una maschera: quella dell&#8217;odio di classe dei privilegiati contro tutti coloro che contestano gli immensi danni sociali relativi al ripristino dello sfruttamento capitalista sul suolo polacco.<\/p>\n<p>Lungi dal condannare questi atti liberticidi in nome dei &#8220;valori umanisti&#8221; di cui si vanta, l&#8217;Unione Europea chiude un occhio; incoraggia persino queste persecuzioni anticomuniste praticando un&#8217;odiosa amalgama tra fascismo e comunismo, tra la Germania nazista, che distrusse la Polonia e stermin\u00f2 milioni di ebrei sul suo suolo, e l&#8217;Unione Sovietica che perse 27 milioni di suoi cittadini per schiacciare Hitler. Invece, l&#8217;UE e la maggior parte delle capitali europee, molte delle quali applicano severe misure liberticide, antisindacali, e antisociali, mostrano una rara compiacenza nei confronti dei nostalgici di Hitler e Mussolini che gi\u00e0 infestano molti governi europei.<\/p>\n<p>Consapevole che in qualsiasi circostanza, l&#8217;anti-comunismo di Stato non ha prodotto altro che fascismo politico, regressione sociale, soffocamento dei popoli e indebolimento della pace mondiale, i firmatari di questo appello, democratici di ogni sensibilit\u00e0, esortano la Commissione delle Nazioni Unite per i Diritti Umani<\/p>\n<ul>\n<li>di condannare forte e chiaro il comportamento liberticida e discriminatorio delle autorit\u00e0 polacche,<\/li>\n<li>di esigere la piena libert\u00e0 di organizzazione ed espressione per il PC di Polonia, per la sua stampa e per i suoi attivisti,<\/li>\n<li>di condannare il negazionismo storico che infuria in Polonia esigendo il pieno rispetto della memoria operaia e antifascista in Polonia<\/li>\n<li>di ricordare all&#8217;UE che si \u00e8 impegnata a sostenere la libera espressione politica di tutti i cittadini e delle persone residenti all&#8217;interno dei suoi confini.<\/li>\n<\/ul>\n<p>&nbsp;<\/p>\n<p><strong><u>Elenco dei primi firmatari in Francia:<\/u><\/strong><\/p>\n<ul>\n<li>Leon Landini, ex-ufficiale FTP-MOI, Medaglia della Resistenza, Grande Mutilata di guerra, ufficiale della Legion d&#8217;onore (92), presidente dell&#8217;Amicale Carmagnole-Libert\u00e9 (FTP-MOI)<\/li>\n<li>Pierre Pranchere, gi\u00e0 deputato nazionale, combattente volontario della resistenza, presidente della commissione internazionale del PRCF<\/li>\n<li>Ren\u00e9 Barchi, storico del distaccamento femminile &#8220;Rodina&#8221; (che ha combattuto tra l&#8217;altro a fianco del polacco FTP-MOI nell&#8217;est della Francia)<\/li>\n<li>Francis Combes, poeta<\/li>\n<li>Annie Lacroix-Riz, professoressa di storia contemporanea all\u2019Universit\u00e0 di Parigi VII<\/li>\n<li>Beno\u00eet Foucambert, insegnante, sindacalista<\/li>\n<li>Danielle Gautier, sindacalista della metallurgia<\/li>\n<li>Jo Hernandez, ex-segretario generale della CGT Tarn<\/li>\n<li>Sylvie Guduk, attivista del PRCF<\/li>\n<li>Aymeric Monville, editore, filosofo<\/li>\n<li>Gilbert Rodriguez, attivista sindacale (FSC, CGT)<\/li>\n<li>Wendy Johnson, traduttrice<\/li>\n<li>Georges Hallermayer, giornalista<\/li>\n<li>Odile Hage, consigliere municipale di Douai<\/li>\n<li>Daniel Antonini, PRCF, ex dirigente della Federazione mondiale della giovent\u00f9 democratica (WFDY)<\/li>\n<li>Christian Mileschi, professore universitario, Paris-Nanterre<\/li>\n<li>Antoine Manessis, responsabile della commissione internazionale del PRCF<\/li>\n<li>J\u00e9r\u00e9mie Ozog, professore, membro del PCF<\/li>\n<li>Bruno Drweski, Senior Lecturer, Membro del Consiglio Nazionale dell&#8217;ARAC<\/li>\n<li>Jacqueline Lavy, attivista sindacale<\/li>\n<li>Jany Sanfelieu, PRCF, figlia di un combattente repubblicano spagnolo antifascista<\/li>\n<li>Romain Telliez, storico, Universit\u00e0 Paris-Sorbonne<\/li>\n<li>Christophe Pouzat, neurobiologo<\/li>\n<li>Jean-Loup Izambart, giornalista investigativo indipendente, scrittore<\/li>\n<li>Patrice Hemet, portavoce del Movimento per il socialismo del XXI secolo<\/li>\n<li>Anna Persichini, pensionato, sindacalista della metallurgia<\/li>\n<li>Sylvain Crovisier, matematico<\/li>\n<li>No\u00eblle Barth, attivista sindacale<\/li>\n<li>Dominique Buisset, poeta, traduttore<\/li>\n<li>Louis Bembenek, minatore pensionato, militante del PCF<\/li>\n<\/ul>\n<p><strong><u>Fuori dalla Francia:<\/u><\/strong><\/p>\n<ul>\n<li>Joe Kaye, attivista, scrittore, New York, USA<\/li>\n<li>Barbara Flamand, scrittrice, Bruxelles, Belgio<\/li>\n<li>Quim Boix, segretario generale dell&#8217;Unione sindacale internazionale dei pensionati della Federazione mondiale dei sindacati<\/li>\n<li>Anita Leocadia Prestes, professoressa universitaria (UFRJ), Brasile<\/li>\n<li>Carmelo Antonio Suarez, Segretario generale del Partito Comunista dei Popoli di Spagna (PCPE)<\/li>\n<li>Julio Diaz, Segretario organizzativo del PCPE<\/li>\n<li>Victor Manuel Lucas<em>,\u00a0<\/em>Segretario delle Relazioni Internazionali del PCPE<\/li>\n<li>Massimiliano Ay, deputato al Parlemento del Canton Ticino (Svizzera) et segretario politico del Partito Comunista (Svizzera)<\/li>\n<li>Edoardo Cappelletti, giurista, participante al Comitato Giuridico della Federazione Sindacale Mondiale et membro della Direzione del Partito Comunista (Svizzera)<\/li>\n<li>Zeno Casella, coordinatore du Sindacato SISA Svizzera e consigliere comunale del Partito Comunista a Capriasca (Svizzera)<\/li>\n<li>Jo\u00e3o Ferreira, deputato europeo del Partito Comunista Portoghese<\/li>\n<li>Jo\u00e3o Pimenta Lopes, deputato europeo del Partito Comunista Portoghese<\/li>\n<li>Miguel Viegas, deputato europeo del Partito Comunista Portoghese<\/li>\n<li>Alessio Arena, segretario centrale di Fronte Popolare (Italia)<\/li>\n<li>Selena Di Francescantonio, segreteria centrale di Fronte Popolare (Italia)<\/li>\n<li>Francesco Delledonne, segreteria centrale di Fronte Popolare (Italia)<\/li>\n<li>Guido Salza, segreteria centrale di Fronte Popolare (Italia)<\/li>\n<li>Davide Boffi, segreteria centrale di Fronte Popolare (Italia)<\/li>\n<\/ul>\n","protected":false},"excerpt":{"rendered":"<p>DIFENDERE I DIRITTI DEL PARTITO COMUNISTA POLACCO (KPP) MINACCIATO DALLE AUTORIT\u00c0 REAZIONARIE DI VARSAVIA \u00c8 DIFENDERE LE LIBERT\u00c0 DEMOCRATICHE DI TUTTI IN TUTTA EUROPA\u00a0 Nel complice silenzio dei mass media, il regime clerico-fascista di Varsavia e la sua &#8220;giustizia&#8221; agli ordini dispiegano un&#8217;impresa liberticida degna del senatore Mac Carthy e della sua sinistra caccia alle [&hellip;]<\/p>\n","protected":false},"author":2,"featured_media":8707,"comment_status":"open","ping_status":"open","sticky":false,"template":"","format":"standard","meta":{"footnotes":""},"categories":[49,17],"tags":[],"class_list":{"0":"post-1750","1":"post","2":"type-post","3":"status-publish","4":"format-standard","5":"has-post-thumbnail","7":"category-europa","8":"category-internazionale"},"_links":{"self":[{"href":"https:\/\/www.partitocomunista.ch\/index.php?rest_route=\/wp\/v2\/posts\/1750","targetHints":{"allow":["GET"]}}],"collection":[{"href":"https:\/\/www.partitocomunista.ch\/index.php?rest_route=\/wp\/v2\/posts"}],"about":[{"href":"https:\/\/www.partitocomunista.ch\/index.php?rest_route=\/wp\/v2\/types\/post"}],"author":[{"embeddable":true,"href":"https:\/\/www.partitocomunista.ch\/index.php?rest_route=\/wp\/v2\/users\/2"}],"replies":[{"embeddable":true,"href":"https:\/\/www.partitocomunista.ch\/index.php?rest_route=%2Fwp%2Fv2%2Fcomments&post=1750"}],"version-history":[{"count":0,"href":"https:\/\/www.partitocomunista.ch\/index.php?rest_route=\/wp\/v2\/posts\/1750\/revisions"}],"wp:featuredmedia":[{"embeddable":true,"href":"https:\/\/www.partitocomunista.ch\/index.php?rest_route=\/wp\/v2\/media\/8707"}],"wp:attachment":[{"href":"https:\/\/www.partitocomunista.ch\/index.php?rest_route=%2Fwp%2Fv2%2Fmedia&parent=1750"}],"wp:term":[{"taxonomy":"category","embeddable":true,"href":"https:\/\/www.partitocomunista.ch\/index.php?rest_route=%2Fwp%2Fv2%2Fcategories&post=1750"},{"taxonomy":"post_tag","embeddable":true,"href":"https:\/\/www.partitocomunista.ch\/index.php?rest_route=%2Fwp%2Fv2%2Ftags&post=1750"}],"curies":[{"name":"wp","href":"https:\/\/api.w.org\/{rel}","templated":true}]}}