{"id":1716,"date":"2018-07-16T20:25:15","date_gmt":"2018-07-16T18:25:15","guid":{"rendered":"https:\/\/www.partitocomunista.ch\/?p=1716"},"modified":"2018-07-16T20:25:15","modified_gmt":"2018-07-16T18:25:15","slug":"le-casse-malati-private-sanguisughe-vanno-poste-sotto-controllo-pubblico","status":"publish","type":"post","link":"https:\/\/www.partitocomunista.ch\/?p=1716","title":{"rendered":"Le casse malati private, sanguisughe, vanno poste sotto controllo pubblico!"},"content":{"rendered":"<p class=\"m_4281232939778564359m_-8966032957134869578gmail-p3\"><span class=\"m_4281232939778564359m_-8966032957134869578gmail-s2\">La notizia\u00a0<\/span><span class=\"m_4281232939778564359m_-8966032957134869578gmail-s3\">della cassa malati che non intende pagare la cura per evitare recidive a un ragazzo di 12 anni sottoposto a terapia intensiva per sconfiggere un sarcoma maligno<\/span><span class=\"m_4281232939778564359m_-8966032957134869578gmail-s1\">\u00a0fa rabbrividire! E\u2019 la prova che nella ricca Svizzera il diritto alle cure mediche non \u00e8 ancora garantito e che la privatizzazione della sanit\u00e0 sta diventando pericolosa per la comunit\u00e0.<\/span><\/p>\n<p class=\"m_4281232939778564359m_-8966032957134869578gmail-p3\"><span class=\"m_4281232939778564359m_-8966032957134869578gmail-s1\">E\u2019 comprensibile umanamente che molti cittadini abbiano aderito a una colletta, per raccogliere fondi a sostegno della famiglia colpita in questo momento di urgenza, ma il problema non si pu\u00f2 risolvere cos\u00ec: da anni stiamo pagando premi di cassa malati in perenne aumento e ora le assicurazioni private arrivano persino a rifiutare le cure a un ragazzo malato di cancro. E\u2019 inammissibile!<\/span><\/p>\n<p class=\"m_4281232939778564359m_-8966032957134869578gmail-p3\"><span class=\"m_4281232939778564359m_-8966032957134869578gmail-s1\">Bisogna pubblicare il nome della cassa malati in questione, iniziare un\u2019operazione di boicottaggio e dare subito via a una battaglia politica e giuridica per punirla! Bisogna infine capire che queste situazioni continueranno a succedere finch\u00e9 non si andr\u00e0 alla radice dei problemi: abolire questa giungla di casse malati private che fanno profitti sulle malattie dei cittadini \u00e8 un dovere civico!<span class=\"m_4281232939778564359m_-8966032957134869578gmail-Apple-converted-space\">\u00a0<\/span><\/span><\/p>\n<p class=\"m_4281232939778564359m_-8966032957134869578gmail-p3\"><span class=\"m_4281232939778564359m_-8966032957134869578gmail-s1\">Il Partito Comunista chiede che il sistema sanitario sia nazionalizzato: ci vuole una cassa malati unica, pubblica e coi premi in base al reddito e alla sostanza!<\/span><\/p>\n","protected":false},"excerpt":{"rendered":"<p>La notizia\u00a0della cassa malati che non intende pagare la cura per evitare recidive a un ragazzo di 12 anni sottoposto a terapia intensiva per sconfiggere un sarcoma maligno\u00a0fa rabbrividire! E\u2019 la prova che nella ricca Svizzera il diritto alle cure mediche non \u00e8 ancora garantito e che la privatizzazione della sanit\u00e0 sta diventando pericolosa per [&hellip;]<\/p>\n","protected":false},"author":2,"featured_media":8707,"comment_status":"open","ping_status":"open","sticky":false,"template":"","format":"standard","meta":{"footnotes":""},"categories":[4,23],"tags":[],"class_list":{"0":"post-1716","1":"post","2":"type-post","3":"status-publish","4":"format-standard","5":"has-post-thumbnail","7":"category-attualita","8":"category-sanita-e-socialita"},"_links":{"self":[{"href":"https:\/\/www.partitocomunista.ch\/index.php?rest_route=\/wp\/v2\/posts\/1716","targetHints":{"allow":["GET"]}}],"collection":[{"href":"https:\/\/www.partitocomunista.ch\/index.php?rest_route=\/wp\/v2\/posts"}],"about":[{"href":"https:\/\/www.partitocomunista.ch\/index.php?rest_route=\/wp\/v2\/types\/post"}],"author":[{"embeddable":true,"href":"https:\/\/www.partitocomunista.ch\/index.php?rest_route=\/wp\/v2\/users\/2"}],"replies":[{"embeddable":true,"href":"https:\/\/www.partitocomunista.ch\/index.php?rest_route=%2Fwp%2Fv2%2Fcomments&post=1716"}],"version-history":[{"count":0,"href":"https:\/\/www.partitocomunista.ch\/index.php?rest_route=\/wp\/v2\/posts\/1716\/revisions"}],"wp:featuredmedia":[{"embeddable":true,"href":"https:\/\/www.partitocomunista.ch\/index.php?rest_route=\/wp\/v2\/media\/8707"}],"wp:attachment":[{"href":"https:\/\/www.partitocomunista.ch\/index.php?rest_route=%2Fwp%2Fv2%2Fmedia&parent=1716"}],"wp:term":[{"taxonomy":"category","embeddable":true,"href":"https:\/\/www.partitocomunista.ch\/index.php?rest_route=%2Fwp%2Fv2%2Fcategories&post=1716"},{"taxonomy":"post_tag","embeddable":true,"href":"https:\/\/www.partitocomunista.ch\/index.php?rest_route=%2Fwp%2Fv2%2Ftags&post=1716"}],"curies":[{"name":"wp","href":"https:\/\/api.w.org\/{rel}","templated":true}]}}